{"id":88479,"date":"2016-09-19T15:37:25","date_gmt":"2016-09-19T12:37:25","guid":{"rendered":"http:\/\/www.sana.sy\/tr\/?p=88479"},"modified":"2016-09-20T15:40:30","modified_gmt":"2016-09-20T12:40:30","slug":"kahramanlarimiz-teror-saldirilarini-cokertiyor","status":"publish","type":"post","link":"https:\/\/archive.sana.sy\/tr\/?p=88479","title":{"rendered":"Kahramanlar\u0131m\u0131z Ter\u00f6r Sald\u0131r\u0131lar\u0131n\u0131 \u00c7\u00f6kertiyor"},"content":{"rendered":"<p>\u0130LLER \u2013 Yurdun muhtelif b\u00f6lgelerinde d\u0131\u015f g\u00fc\u00e7lerden destek alan ter\u00f6r \u00f6rg\u00fctlerin sald\u0131r\u0131lar\u0131n\u0131 ba\u015far\u0131yla \u00e7\u00f6kerten ordu birliklerimiz bug\u00fcn de bu \u00e7eteleri ciddi kay\u0131plara u\u011fratmay\u0131 ba\u015fard\u0131.<\/p>\n<p><span style=\"color: #0000ff\">HALEP:<\/span><\/p>\n<p>Askeri kaynak SANA\u2019ya a\u00e7\u0131klamas\u0131nda belli ba\u015fl\u0131 devletlerden destek alan ter\u00f6ristlerin bug\u00fcn Halep\u2019te 1070 yerle\u015fim konutlar\u0131 ve il k\u0131rsal\u0131n\u0131n g\u00fcneyi \u015e\u011feyldela ve Sabikiye K\u00f6y\u00fcnde askeri noktalara ve sivillere sald\u0131rd\u0131klar\u0131n\u0131 belirtti.<\/p>\n<p>Kaynak ordu birliklerimiz ter\u00f6ristlerin sald\u0131r\u0131lar\u0131na ba\u015far\u0131yla kar\u015f\u0131 koyarak ate\u015f ettikleri mevkileri imha ettiklerini ifade ederken, say\u0131 ve te\u00e7hizatlar\u0131yla b\u00fcy\u00fck kay\u0131plara u\u011fratt\u0131klar\u0131n\u0131 kaydetti.<\/p>\n<p>Ak\u015fam saatlerinde a\u00e7\u0131klama yapan bir kaynak; ordu birliklerimizin Halep&#8217;in g\u00fcneybat\u0131s\u0131nda askeri noktalara sald\u0131rmaya \u00e7al\u0131\u015fan ter\u00f6r gruplarla \u015fiddetli \u00e7at\u0131\u015fmalara girdiklerini aktar\u0131rken; \u00a01070 yerle\u015fim konutlar\u0131 civar\u0131, Ra\u015fidin ve Cabas Pazar\u0131 b\u00f6lgelerinde tekfircilerin toplanma yerleri ve hareket eksenlerini yo\u011fun ate\u015fe tutuklar\u0131n\u0131 beyan etti. Kaynak; operasyonlarda y\u00fcksek say\u0131da ter\u00f6ristin \u00f6l\u00fc ve yaral\u0131 d\u00fc\u015f\u00fcr\u00fcl\u00fcp ara\u00e7, silah ve m\u00fchimmatlar\u0131n\u0131n da yok edildi\u011fine dikkat \u00e7ekti.<\/p>\n<p><span style=\"color: #0000ff\">HAMA:<\/span><\/p>\n<p>Askeri kaynak SANA\u2019ya a\u00e7\u0131klamas\u0131nda ordu birliklerimizin Hama k\u0131rsal\u0131n\u0131n kuzeyi Mean Beldesinin de kuzeyine d\u00fc\u015fen Kebbariye B\u00f6lgesinde ter\u00f6ristlerin h\u0131r\u00e7\u0131n bir sald\u0131r\u0131s\u0131na kar\u015f\u0131 koyduklar\u0131n\u0131 belirtti.<\/p>\n<p>Kaynak operasyonlarda 25 ter\u00f6ristle birlikte a\u011f\u0131r silahlarla donat\u0131lm\u0131\u015f 3 ara\u00e7 ve yol a\u00e7ma veya siper kurmada kulland\u0131klar\u0131 bir dozeri etkisiz hale getirdiklerini belirtti.<\/p>\n","protected":false},"excerpt":{"rendered":"<p>\u0130LLER \u2013 Yurdun muhtelif b\u00f6lgelerinde d\u0131\u015f g\u00fc\u00e7lerden destek alan ter\u00f6r \u00f6rg\u00fctlerin sald\u0131r\u0131lar\u0131n\u0131 ba\u015far\u0131yla \u00e7\u00f6kerten ordu birliklerimiz bug\u00fcn de bu \u00e7eteleri ciddi kay\u0131plara u\u011fratmay\u0131 ba\u015fard\u0131. HALEP: Askeri kaynak SANA\u2019ya a\u00e7\u0131klamas\u0131nda belli ba\u015fl\u0131 devletlerden destek alan ter\u00f6ristlerin bug\u00fcn Halep\u2019te 1070 yerle\u015fim konutlar\u0131 ve il k\u0131rsal\u0131n\u0131n g\u00fcneyi \u015e\u011feyldela ve Sabikiye K\u00f6y\u00fcnde askeri noktalara ve sivillere sald\u0131rd\u0131klar\u0131n\u0131 belirtti. Kaynak &hellip;<\/p>\n","protected":false},"author":1,"featured_media":88485,"comment_status":"closed","ping_status":"closed","sticky":false,"template":"","format":"standard","meta":{"footnotes":""},"categories":[575,17988],"tags":[3464,18237,15787,2318,18347,18674,11549,19043,22182],"class_list":["post-88479","post","type-post","status-publish","format-standard","has-post-thumbnail","","category-olaylar-ve-gercekler","category-son-haberler","tag-nusra-cephesi","tag-cihatcilar","tag-fetih-ordusu","tag-isid","tag-oso","tag-silahli-muhalifler","tag-suriye-ordusu","tag-suriyede-son-durum","tag-suriyede-savas"],"_links":{"self":[{"href":"https:\/\/archive.sana.sy\/tr\/index.php?rest_route=\/wp\/v2\/posts\/88479","targetHints":{"allow":["GET"]}}],"collection":[{"href":"https:\/\/archive.sana.sy\/tr\/index.php?rest_route=\/wp\/v2\/posts"}],"about":[{"href":"https:\/\/archive.sana.sy\/tr\/index.php?rest_route=\/wp\/v2\/types\/post"}],"author":[{"embeddable":true,"href":"https:\/\/archive.sana.sy\/tr\/index.php?rest_route=\/wp\/v2\/users\/1"}],"replies":[{"embeddable":true,"href":"https:\/\/archive.sana.sy\/tr\/index.php?rest_route=%2Fwp%2Fv2%2Fcomments&post=88479"}],"version-history":[{"count":0,"href":"https:\/\/archive.sana.sy\/tr\/index.php?rest_route=\/wp\/v2\/posts\/88479\/revisions"}],"wp:featuredmedia":[{"embeddable":true,"href":"https:\/\/archive.sana.sy\/tr\/index.php?rest_route=\/wp\/v2\/media\/88485"}],"wp:attachment":[{"href":"https:\/\/archive.sana.sy\/tr\/index.php?rest_route=%2Fwp%2Fv2%2Fmedia&parent=88479"}],"wp:term":[{"taxonomy":"category","embeddable":true,"href":"https:\/\/archive.sana.sy\/tr\/index.php?rest_route=%2Fwp%2Fv2%2Fcategories&post=88479"},{"taxonomy":"post_tag","embeddable":true,"href":"https:\/\/archive.sana.sy\/tr\/index.php?rest_route=%2Fwp%2Fv2%2Ftags&post=88479"}],"curies":[{"name":"wp","href":"https:\/\/api.w.org\/{rel}","templated":true}]}}