{"id":88481,"date":"2016-09-19T14:43:54","date_gmt":"2016-09-19T11:43:54","guid":{"rendered":"http:\/\/www.sana.sy\/tr\/?p=88481"},"modified":"2016-09-19T16:40:47","modified_gmt":"2016-09-19T13:40:47","slug":"kaynak-ordu-birliklerimiz-teroristlerin-saldirilarina-basariyla-karsi-koyarak-ates-ettikleri-mevkileri-imha-ettiklerini-ifade-ederken-sayi-ve-techizatlariyla-buyuk-kayiplara-ugrattiklarini-kaydetti","status":"publish","type":"post","link":"https:\/\/archive.sana.sy\/tr\/?p=88481","title":{"rendered":"Kaynak ordu birliklerimiz ter\u00f6ristlerin sald\u0131r\u0131lar\u0131na ba\u015far\u0131yla kar\u015f\u0131 koyarak ate\u015f ettikleri mevkileri imha ettiklerini ifade ederken, say\u0131 ve te\u00e7hizatlar\u0131yla b\u00fcy\u00fck kay\u0131plara u\u011fratt\u0131klar\u0131n\u0131 kaydetti."},"content":{"rendered":"<p>Kaynak ordu birliklerimiz ter\u00f6ristlerin sald\u0131r\u0131lar\u0131na ba\u015far\u0131yla kar\u015f\u0131 koyarak ate\u015f ettikleri mevkileri imha ettiklerini ifade ederken, say\u0131 ve te\u00e7hizatlar\u0131yla b\u00fcy\u00fck kay\u0131plara u\u011fratt\u0131klar\u0131n\u0131 kaydetti.<\/p>\n","protected":false},"excerpt":{"rendered":"<p>Kaynak ordu birliklerimiz ter\u00f6ristlerin sald\u0131r\u0131lar\u0131na ba\u015far\u0131yla kar\u015f\u0131 koyarak ate\u015f ettikleri mevkileri imha ettiklerini ifade ederken, say\u0131 ve te\u00e7hizatlar\u0131yla b\u00fcy\u00fck kay\u0131plara u\u011fratt\u0131klar\u0131n\u0131 kaydetti.<\/p>\n","protected":false},"author":1,"featured_media":0,"comment_status":"closed","ping_status":"closed","sticky":false,"template":"","format":"standard","meta":{"footnotes":""},"categories":[17991],"tags":[],"class_list":["post-88481","post","type-post","status-publish","format-standard","","category-son-dakika"],"_links":{"self":[{"href":"https:\/\/archive.sana.sy\/tr\/index.php?rest_route=\/wp\/v2\/posts\/88481","targetHints":{"allow":["GET"]}}],"collection":[{"href":"https:\/\/archive.sana.sy\/tr\/index.php?rest_route=\/wp\/v2\/posts"}],"about":[{"href":"https:\/\/archive.sana.sy\/tr\/index.php?rest_route=\/wp\/v2\/types\/post"}],"author":[{"embeddable":true,"href":"https:\/\/archive.sana.sy\/tr\/index.php?rest_route=\/wp\/v2\/users\/1"}],"replies":[{"embeddable":true,"href":"https:\/\/archive.sana.sy\/tr\/index.php?rest_route=%2Fwp%2Fv2%2Fcomments&post=88481"}],"version-history":[{"count":0,"href":"https:\/\/archive.sana.sy\/tr\/index.php?rest_route=\/wp\/v2\/posts\/88481\/revisions"}],"wp:attachment":[{"href":"https:\/\/archive.sana.sy\/tr\/index.php?rest_route=%2Fwp%2Fv2%2Fmedia&parent=88481"}],"wp:term":[{"taxonomy":"category","embeddable":true,"href":"https:\/\/archive.sana.sy\/tr\/index.php?rest_route=%2Fwp%2Fv2%2Fcategories&post=88481"},{"taxonomy":"post_tag","embeddable":true,"href":"https:\/\/archive.sana.sy\/tr\/index.php?rest_route=%2Fwp%2Fv2%2Ftags&post=88481"}],"curies":[{"name":"wp","href":"https:\/\/api.w.org\/{rel}","templated":true}]}}