{"id":88494,"date":"2016-09-19T19:30:50","date_gmt":"2016-09-19T16:30:50","guid":{"rendered":"http:\/\/www.sana.sy\/tr\/?p=88494"},"modified":"2016-09-20T15:51:20","modified_gmt":"2016-09-20T12:51:20","slug":"bm-semtinde-silah-ve-silahlilardan-arindirilmasini-sabote-etti","status":"publish","type":"post","link":"https:\/\/archive.sana.sy\/tr\/?p=88494","title":{"rendered":"BM Vaer&#8217; Semtinin Silah ve Silahl\u0131lardan Ar\u0131nd\u0131r\u0131lmas\u0131n\u0131 Sabote Etti"},"content":{"rendered":"<p>\u015eAM \u2013 Bilgi sahibi ilgili bir kaynak Homs Kentinin Vaer Semtinde sivil vatanda\u015flara ve civardaki askeri mevkilere sald\u0131ran silahl\u0131 gruplar\u0131n sa\u011flanan ulusal uzla\u015fma anla\u015fmas\u0131 kapsam\u0131nda \u0130dlib \u0130line tahliye edilmeleri ve semtin silahlardan ar\u0131nd\u0131r\u0131l\u0131p hizmet dairelerinin yeniden i\u015fleve ba\u015flamalar\u0131 \u00e7abalar\u0131n\u0131n Birle\u015fmi\u015f Milletler taraf\u0131ndan sabote edildi\u011fini belirtti.<\/p>\n<p>Kaynak BM\u2019nin Vaer Semtinin tam olarak silah ve silahl\u0131lardan temizlenmesini as\u0131ls\u0131z bahaneler ile engelledi\u011fine dikkat \u00e7ekerken, BM g\u00f6revlilerinin daha \u00f6nce bu ba\u011flamda sa\u011flanan uzla\u015fma anla\u015fmas\u0131na kat\u0131lmalar\u0131na ra\u011fmen \u015fu an hayata ge\u00e7irilece\u011fi s\u0131rada durumlar\u0131n uygun olmad\u0131\u011f\u0131 bahanesini \u00f6ne s\u00fcrd\u00fcklerini kaydetti.<\/p>\n<p>Vaer Semtinin silah ve silahl\u0131lardan ar\u0131nd\u0131r\u0131lmas\u0131 amac\u0131yla sa\u011flanan uzla\u015fma anla\u015fmas\u0131n\u0131n ilk s\u00fcreci ge\u00e7en Aral\u0131k ay\u0131nda hayata ge\u00e7irilmi\u015f ve 720 silahl\u0131 aileleri ile birlikte semtten tahliye edilmi\u015fti.<\/p>\n<p>Kaynak Suriye h\u00fck\u00fcmetinin, BM g\u00f6revlilerinin s\u00f6z konusu semtin silah ve silahl\u0131lardan ar\u0131nd\u0131r\u0131lmas\u0131 \u00e7abalar\u0131n\u0131 sabote etmelerinin hi\u00e7bir \u015fekilde ge\u00e7erli k\u0131l\u0131namayaca\u011f\u0131 g\u00f6r\u00fc\u015f\u00fcnde oldu\u011funun alt\u0131n\u0131 \u00e7izdi.<\/p>\n<p>BM g\u00f6revlilerinin varl\u0131\u011f\u0131 ile daha \u00f6nce sa\u011flanan anla\u015fma kapsam\u0131nda bug\u00fcn, bir k\u0131sm\u0131 aileleriyle birlikte olmak \u00fczere Vaer Semtinden 250 silahl\u0131n\u0131n \u0130dlib k\u0131rsal\u0131n\u0131n kuzeyine tahliye edilmeleri bekleniyordu.<\/p>\n","protected":false},"excerpt":{"rendered":"<p>\u015eAM \u2013 Bilgi sahibi ilgili bir kaynak Homs Kentinin Vaer Semtinde sivil vatanda\u015flara ve civardaki askeri mevkilere sald\u0131ran silahl\u0131 gruplar\u0131n sa\u011flanan ulusal uzla\u015fma anla\u015fmas\u0131 kapsam\u0131nda \u0130dlib \u0130line tahliye edilmeleri ve semtin silahlardan ar\u0131nd\u0131r\u0131l\u0131p hizmet dairelerinin yeniden i\u015fleve ba\u015flamalar\u0131 \u00e7abalar\u0131n\u0131n Birle\u015fmi\u015f Milletler taraf\u0131ndan sabote edildi\u011fini belirtti. Kaynak BM\u2019nin Vaer Semtinin tam olarak silah ve silahl\u0131lardan temizlenmesini &hellip;<\/p>\n","protected":false},"author":1,"featured_media":88495,"comment_status":"closed","ping_status":"closed","sticky":false,"template":"","format":"standard","meta":{"footnotes":""},"categories":[479,575,17988,478],"tags":[24042,24043,24044],"class_list":["post-88494","post","type-post","status-publish","format-standard","has-post-thumbnail","","category-haberler-yerel","category-olaylar-ve-gercekler","category-son-haberler","category-yerel","tag-bm-semtinde-silah-ve-silahlilardan-arindirilmasini-sabote-etti","tag-homs-kentinin-vaer-semti","tag-ulusal-uzlasma-anlasmasi"],"_links":{"self":[{"href":"https:\/\/archive.sana.sy\/tr\/index.php?rest_route=\/wp\/v2\/posts\/88494","targetHints":{"allow":["GET"]}}],"collection":[{"href":"https:\/\/archive.sana.sy\/tr\/index.php?rest_route=\/wp\/v2\/posts"}],"about":[{"href":"https:\/\/archive.sana.sy\/tr\/index.php?rest_route=\/wp\/v2\/types\/post"}],"author":[{"embeddable":true,"href":"https:\/\/archive.sana.sy\/tr\/index.php?rest_route=\/wp\/v2\/users\/1"}],"replies":[{"embeddable":true,"href":"https:\/\/archive.sana.sy\/tr\/index.php?rest_route=%2Fwp%2Fv2%2Fcomments&post=88494"}],"version-history":[{"count":0,"href":"https:\/\/archive.sana.sy\/tr\/index.php?rest_route=\/wp\/v2\/posts\/88494\/revisions"}],"wp:featuredmedia":[{"embeddable":true,"href":"https:\/\/archive.sana.sy\/tr\/index.php?rest_route=\/wp\/v2\/media\/88495"}],"wp:attachment":[{"href":"https:\/\/archive.sana.sy\/tr\/index.php?rest_route=%2Fwp%2Fv2%2Fmedia&parent=88494"}],"wp:term":[{"taxonomy":"category","embeddable":true,"href":"https:\/\/archive.sana.sy\/tr\/index.php?rest_route=%2Fwp%2Fv2%2Fcategories&post=88494"},{"taxonomy":"post_tag","embeddable":true,"href":"https:\/\/archive.sana.sy\/tr\/index.php?rest_route=%2Fwp%2Fv2%2Ftags&post=88494"}],"curies":[{"name":"wp","href":"https:\/\/api.w.org\/{rel}","templated":true}]}}