{"id":88511,"date":"2016-09-20T10:15:45","date_gmt":"2016-09-20T07:15:45","guid":{"rendered":"http:\/\/www.sana.sy\/tr\/?p=88511"},"modified":"2016-09-20T13:18:53","modified_gmt":"2016-09-20T10:18:53","slug":"sananin-halep-muhabiri-kentin-dogu-semtlerinde-dis-guclere-tabi-olan-teroristlerin-baski-ve-dayatmalarindan-kacan-onlarca-ailenin-tahliye-edilerek-gecici-ikamet-merkezlerine-alinip-tum-ihtiya","status":"publish","type":"post","link":"https:\/\/archive.sana.sy\/tr\/?p=88511","title":{"rendered":"SANA\u2019n\u0131n Halep muhabiri kentin do\u011fu semtlerinde d\u0131\u015f g\u00fc\u00e7lere tabi olan ter\u00f6ristlerin bask\u0131 ve dayatmalar\u0131ndan ka\u00e7an onlarca ailenin tahliye edilerek ge\u00e7ici ikamet merkezlerine al\u0131n\u0131p t\u00fcm ihtiya\u00e7lar\u0131n\u0131n kar\u015f\u0131land\u0131\u011f\u0131n\u0131 belirtti"},"content":{"rendered":"<p>SANA\u2019n\u0131n Halep muhabiri kentin do\u011fu semtlerinde d\u0131\u015f g\u00fc\u00e7lere tabi olan ter\u00f6ristlerin bask\u0131 ve dayatmalar\u0131ndan ka\u00e7an onlarca ailenin tahliye edilerek ge\u00e7ici ikamet merkezlerine al\u0131n\u0131p t\u00fcm ihtiya\u00e7lar\u0131n\u0131n kar\u015f\u0131land\u0131\u011f\u0131n\u0131 belirtti<\/p>\n","protected":false},"excerpt":{"rendered":"<p>SANA\u2019n\u0131n Halep muhabiri kentin do\u011fu semtlerinde d\u0131\u015f g\u00fc\u00e7lere tabi olan ter\u00f6ristlerin bask\u0131 ve dayatmalar\u0131ndan ka\u00e7an onlarca ailenin tahliye edilerek ge\u00e7ici ikamet merkezlerine al\u0131n\u0131p t\u00fcm ihtiya\u00e7lar\u0131n\u0131n kar\u015f\u0131land\u0131\u011f\u0131n\u0131 belirtti<\/p>\n","protected":false},"author":1,"featured_media":0,"comment_status":"closed","ping_status":"closed","sticky":false,"template":"","format":"standard","meta":{"footnotes":""},"categories":[17991],"tags":[],"class_list":["post-88511","post","type-post","status-publish","format-standard","","category-son-dakika"],"_links":{"self":[{"href":"https:\/\/archive.sana.sy\/tr\/index.php?rest_route=\/wp\/v2\/posts\/88511","targetHints":{"allow":["GET"]}}],"collection":[{"href":"https:\/\/archive.sana.sy\/tr\/index.php?rest_route=\/wp\/v2\/posts"}],"about":[{"href":"https:\/\/archive.sana.sy\/tr\/index.php?rest_route=\/wp\/v2\/types\/post"}],"author":[{"embeddable":true,"href":"https:\/\/archive.sana.sy\/tr\/index.php?rest_route=\/wp\/v2\/users\/1"}],"replies":[{"embeddable":true,"href":"https:\/\/archive.sana.sy\/tr\/index.php?rest_route=%2Fwp%2Fv2%2Fcomments&post=88511"}],"version-history":[{"count":0,"href":"https:\/\/archive.sana.sy\/tr\/index.php?rest_route=\/wp\/v2\/posts\/88511\/revisions"}],"wp:attachment":[{"href":"https:\/\/archive.sana.sy\/tr\/index.php?rest_route=%2Fwp%2Fv2%2Fmedia&parent=88511"}],"wp:term":[{"taxonomy":"category","embeddable":true,"href":"https:\/\/archive.sana.sy\/tr\/index.php?rest_route=%2Fwp%2Fv2%2Fcategories&post=88511"},{"taxonomy":"post_tag","embeddable":true,"href":"https:\/\/archive.sana.sy\/tr\/index.php?rest_route=%2Fwp%2Fv2%2Ftags&post=88511"}],"curies":[{"name":"wp","href":"https:\/\/api.w.org\/{rel}","templated":true}]}}