{"id":88546,"date":"2016-09-20T12:20:01","date_gmt":"2016-09-20T09:20:01","guid":{"rendered":"http:\/\/www.sana.sy\/tr\/?p=88546"},"modified":"2016-09-21T16:00:10","modified_gmt":"2016-09-21T13:00:10","slug":"suriye-halki-dusmanci-planlari-cokertebildi","status":"publish","type":"post","link":"https:\/\/archive.sana.sy\/tr\/?p=88546","title":{"rendered":"Suriye Halk\u0131 D\u00fc\u015fmanc\u0131 Planlar\u0131 \u00c7\u00f6kertebildi"},"content":{"rendered":"<p>\u015eAM \u2013 Sosyalist Arap el Baas Partisi Genel Sekreter Yard\u0131mc\u0131s\u0131 Hilal el Hilal, hakl\u0131 davalara uluslar aras\u0131 bir deste\u011fin sa\u011flanmas\u0131 a\u00e7\u0131s\u0131ndan ger\u00e7eklerin objektif bir \u015fekilde kamuoyuna aktar\u0131lmas\u0131nda Suriye&#8217;yi ziyaret eden yabanc\u0131 heyetlerin \u00f6nemine dikkat \u00e7ekti.<\/p>\n<p><a href=\"http:\/\/www.sana.sy\/tr\/wp-content\/uploads\/2016\/09\/Hilal-2.jpg\"><img loading=\"lazy\" decoding=\"async\" class=\"alignright wp-image-88553 size-medium\" src=\"http:\/\/www.sana.sy\/tr\/wp-content\/uploads\/2016\/09\/Hilal-2-300x195.jpg\" alt=\"hilal-2\" width=\"300\" height=\"195\" srcset=\"https:\/\/archive.sana.sy\/tr\/wp-content\/uploads\/2016\/09\/Hilal-2-300x195.jpg 300w, https:\/\/archive.sana.sy\/tr\/wp-content\/uploads\/2016\/09\/Hilal-2-150x98.jpg 150w, https:\/\/archive.sana.sy\/tr\/wp-content\/uploads\/2016\/09\/Hilal-2-768x500.jpg 768w, https:\/\/archive.sana.sy\/tr\/wp-content\/uploads\/2016\/09\/Hilal-2-1024x667.jpg 1024w\" sizes=\"auto, (max-width: 300px) 100vw, 300px\" \/><\/a>Brezilya\u2019da FIA Arap \u00d6rg\u00fct\u00fcnden bir heyeti Aziz Carcur ba\u015fkanl\u0131\u011f\u0131nda kabul eden Hilal; Suriye&#8217;yi ziyaret eden yabanc\u0131 heyetlerin, Suriye&#8217;de ya\u015fananlar\u0131n ger\u00e7e\u011fini yak\u0131ndan g\u00f6rmeleri, vahhabi radikal ideolojiyle beslenen ve kimi devletlerden desteklenip \u2018Suriyeli muhalifler\u2019 ad\u0131 verilen ter\u00f6r\u00fc objektif bir \u015fekilde tan\u0131malar\u0131 \u00f6nemine i\u015faret etti.<\/p>\n<p>Hilal t\u00fcm bu y\u0131llar i\u00e7erisinde Suriye ve halk\u0131na kar\u015f\u0131 \u00f6r\u00fclen komplo ve haz\u0131rlanan d\u00fc\u015fmanc\u0131 planlar\u0131n \u00e7\u00f6kertildi\u011fini belirtirken, ordusu ile omuz omuza veren Suriye halk\u0131n\u0131n vatan\u0131 savunmada \u015fanl\u0131 zaferler kaydetti\u011fini belirtti. Suriye ve halk\u0131na kar\u015f\u0131 y\u00fcr\u00fct\u00fclen evrensel sava\u015f\u0131n muhtelif y\u00f6nlerine \u0131\u015f\u0131k tutan Hilal, ekonomik yapt\u0131r\u0131mlar\u0131n yol a\u00e7t\u0131\u011f\u0131 olumsuzluklara dikkat \u00e7ekti.<\/p>\n<p>Suriye&#8217;nin ter\u00f6r ve \u015fiddete son verecek siyasi \u00e7\u00f6z\u00fcm y\u00f6n\u00fcnde t\u00fcm ad\u0131m ve \u00e7abalara a\u00e7\u0131k olup destekledi\u011fini vurgulayan Hilal; bu ba\u011flamda yegane ko\u015fulun Suriye&#8217;nin egemenli\u011fi ve toprak b\u00fct\u00fcnl\u00fc\u011f\u00fcn\u00fcn korunmas\u0131 oldu\u011funu belirtti.<\/p>\n<p>G\u00f6r\u00fc\u015fmede Suriye&#8217;nin bu hakl\u0131 sava\u015f\u0131nda \u015fanl\u0131 bir zaferi hak etti\u011fini belirten heyet ba\u015fkan\u0131 Carcur; ziyaretten amac\u0131n, Suriye ve halk\u0131na kar\u015f\u0131 uluslar aras\u0131 sava\u015fta medya y\u00f6n\u00fcn\u00fcn de olmas\u0131yla ger\u00e7ekleri yak\u0131ndan g\u00f6rmek oldu\u011funu ifade etti.<\/p>\n","protected":false},"excerpt":{"rendered":"<p>\u015eAM \u2013 Sosyalist Arap el Baas Partisi Genel Sekreter Yard\u0131mc\u0131s\u0131 Hilal el Hilal, hakl\u0131 davalara uluslar aras\u0131 bir deste\u011fin sa\u011flanmas\u0131 a\u00e7\u0131s\u0131ndan ger\u00e7eklerin objektif bir \u015fekilde kamuoyuna aktar\u0131lmas\u0131nda Suriye&#8217;yi ziyaret eden yabanc\u0131 heyetlerin \u00f6nemine dikkat \u00e7ekti. Brezilya\u2019da FIA Arap \u00d6rg\u00fct\u00fcnden bir heyeti Aziz Carcur ba\u015fkanl\u0131\u011f\u0131nda kabul eden Hilal; Suriye&#8217;yi ziyaret eden yabanc\u0131 heyetlerin, Suriye&#8217;de ya\u015fananlar\u0131n ger\u00e7e\u011fini &hellip;<\/p>\n","protected":false},"author":1,"featured_media":88551,"comment_status":"closed","ping_status":"closed","sticky":false,"template":"","format":"standard","meta":{"footnotes":""},"categories":[479,17988,478],"tags":[24068,24067,24066],"class_list":["post-88546","post","type-post","status-publish","format-standard","has-post-thumbnail","","category-haberler-yerel","category-son-haberler","category-yerel","tag-brezilyada-fia-arap-orgutunden-bir-heyeti-aziz-carcur","tag-sosyalist-arap-el-baas-partisi-genel-sekreter-yardimcisi-hilal-el-hilal","tag-suriye-halki-dusmanci-planlari-cokertebildi"],"_links":{"self":[{"href":"https:\/\/archive.sana.sy\/tr\/index.php?rest_route=\/wp\/v2\/posts\/88546","targetHints":{"allow":["GET"]}}],"collection":[{"href":"https:\/\/archive.sana.sy\/tr\/index.php?rest_route=\/wp\/v2\/posts"}],"about":[{"href":"https:\/\/archive.sana.sy\/tr\/index.php?rest_route=\/wp\/v2\/types\/post"}],"author":[{"embeddable":true,"href":"https:\/\/archive.sana.sy\/tr\/index.php?rest_route=\/wp\/v2\/users\/1"}],"replies":[{"embeddable":true,"href":"https:\/\/archive.sana.sy\/tr\/index.php?rest_route=%2Fwp%2Fv2%2Fcomments&post=88546"}],"version-history":[{"count":0,"href":"https:\/\/archive.sana.sy\/tr\/index.php?rest_route=\/wp\/v2\/posts\/88546\/revisions"}],"wp:featuredmedia":[{"embeddable":true,"href":"https:\/\/archive.sana.sy\/tr\/index.php?rest_route=\/wp\/v2\/media\/88551"}],"wp:attachment":[{"href":"https:\/\/archive.sana.sy\/tr\/index.php?rest_route=%2Fwp%2Fv2%2Fmedia&parent=88546"}],"wp:term":[{"taxonomy":"category","embeddable":true,"href":"https:\/\/archive.sana.sy\/tr\/index.php?rest_route=%2Fwp%2Fv2%2Fcategories&post=88546"},{"taxonomy":"post_tag","embeddable":true,"href":"https:\/\/archive.sana.sy\/tr\/index.php?rest_route=%2Fwp%2Fv2%2Ftags&post=88546"}],"curies":[{"name":"wp","href":"https:\/\/api.w.org\/{rel}","templated":true}]}}