{"id":88550,"date":"2016-09-20T12:46:27","date_gmt":"2016-09-20T09:46:27","guid":{"rendered":"http:\/\/www.sana.sy\/tr\/?p=88550"},"modified":"2016-09-20T14:24:53","modified_gmt":"2016-09-20T11:24:53","slug":"peskov-suriyede-catismalarin-durdurulmasi-anlasmasinin-zayif-bir-ihtimal-oldugunu-ifade-ederken-devam-etmesi-icin-teroristlerin-saldirilarina-son-vermeleri-gerektiginin-altini-cizdi","status":"publish","type":"post","link":"https:\/\/archive.sana.sy\/tr\/?p=88550","title":{"rendered":"Peskov Suriye&#8217;de \u00e7at\u0131\u015fmalar\u0131n durdurulmas\u0131 anla\u015fmas\u0131n\u0131n zay\u0131f bir ihtimal oldu\u011funu ifade ederken, devam etmesi i\u00e7in ter\u00f6ristlerin sald\u0131r\u0131lar\u0131na son vermeleri gerekti\u011finin alt\u0131n\u0131 \u00e7izdi."},"content":{"rendered":"<p>Peskov Suriye&#8217;de \u00e7at\u0131\u015fmalar\u0131n durdurulmas\u0131 anla\u015fmas\u0131n\u0131n zay\u0131f bir ihtimal oldu\u011funu ifade ederken, devam etmesi i\u00e7in ter\u00f6ristlerin sald\u0131r\u0131lar\u0131na son vermeleri gerekti\u011finin alt\u0131n\u0131 \u00e7izdi.<\/p>\n","protected":false},"excerpt":{"rendered":"<p>Peskov Suriye&#8217;de \u00e7at\u0131\u015fmalar\u0131n durdurulmas\u0131 anla\u015fmas\u0131n\u0131n zay\u0131f bir ihtimal oldu\u011funu ifade ederken, devam etmesi i\u00e7in ter\u00f6ristlerin sald\u0131r\u0131lar\u0131na son vermeleri gerekti\u011finin alt\u0131n\u0131 \u00e7izdi.<\/p>\n","protected":false},"author":1,"featured_media":0,"comment_status":"closed","ping_status":"closed","sticky":false,"template":"","format":"standard","meta":{"footnotes":""},"categories":[17991],"tags":[],"class_list":["post-88550","post","type-post","status-publish","format-standard","","category-son-dakika"],"_links":{"self":[{"href":"https:\/\/archive.sana.sy\/tr\/index.php?rest_route=\/wp\/v2\/posts\/88550","targetHints":{"allow":["GET"]}}],"collection":[{"href":"https:\/\/archive.sana.sy\/tr\/index.php?rest_route=\/wp\/v2\/posts"}],"about":[{"href":"https:\/\/archive.sana.sy\/tr\/index.php?rest_route=\/wp\/v2\/types\/post"}],"author":[{"embeddable":true,"href":"https:\/\/archive.sana.sy\/tr\/index.php?rest_route=\/wp\/v2\/users\/1"}],"replies":[{"embeddable":true,"href":"https:\/\/archive.sana.sy\/tr\/index.php?rest_route=%2Fwp%2Fv2%2Fcomments&post=88550"}],"version-history":[{"count":0,"href":"https:\/\/archive.sana.sy\/tr\/index.php?rest_route=\/wp\/v2\/posts\/88550\/revisions"}],"wp:attachment":[{"href":"https:\/\/archive.sana.sy\/tr\/index.php?rest_route=%2Fwp%2Fv2%2Fmedia&parent=88550"}],"wp:term":[{"taxonomy":"category","embeddable":true,"href":"https:\/\/archive.sana.sy\/tr\/index.php?rest_route=%2Fwp%2Fv2%2Fcategories&post=88550"},{"taxonomy":"post_tag","embeddable":true,"href":"https:\/\/archive.sana.sy\/tr\/index.php?rest_route=%2Fwp%2Fv2%2Ftags&post=88550"}],"curies":[{"name":"wp","href":"https:\/\/api.w.org\/{rel}","templated":true}]}}