{"id":88559,"date":"2016-09-20T09:25:54","date_gmt":"2016-09-20T06:25:54","guid":{"rendered":"http:\/\/www.sana.sy\/tr\/?p=88559"},"modified":"2016-09-21T16:00:12","modified_gmt":"2016-09-21T13:00:12","slug":"devam-etmesi-icin-kosul-budur","status":"publish","type":"post","link":"https:\/\/archive.sana.sy\/tr\/?p=88559","title":{"rendered":"Devam Etmesi \u0130\u00e7in Ko\u015ful Budur"},"content":{"rendered":"<p>MOSKOVA \u2013 Rusya Ba\u015fkanl\u0131k Saray\u0131 Kremlinin resmi s\u00f6zc\u00fcs\u00fc Dmitry Peskov Suriye&#8217;de \u00e7at\u0131\u015fmalar\u0131n durdurulmas\u0131 anla\u015fmas\u0131na devam etmenin m\u00fcmk\u00fcn olmad\u0131\u011f\u0131n\u0131 belirtti.<\/p>\n<p>Peskov bug\u00fcn yapt\u0131\u011f\u0131 bas\u0131n a\u00e7\u0131klamas\u0131nda Suriye&#8217;de \u00e7at\u0131\u015fmalar\u0131n durdurulmas\u0131 anla\u015fmas\u0131n\u0131n zay\u0131f bir ihtimal oldu\u011funu ifade ederken, devam etmesi i\u00e7in ter\u00f6ristlerin sald\u0131r\u0131lar\u0131na son vermeleri gerekti\u011finin alt\u0131n\u0131 \u00e7izdi.<\/p>\n","protected":false},"excerpt":{"rendered":"<p>MOSKOVA \u2013 Rusya Ba\u015fkanl\u0131k Saray\u0131 Kremlinin resmi s\u00f6zc\u00fcs\u00fc Dmitry Peskov Suriye&#8217;de \u00e7at\u0131\u015fmalar\u0131n durdurulmas\u0131 anla\u015fmas\u0131na devam etmenin m\u00fcmk\u00fcn olmad\u0131\u011f\u0131n\u0131 belirtti. Peskov bug\u00fcn yapt\u0131\u011f\u0131 bas\u0131n a\u00e7\u0131klamas\u0131nda Suriye&#8217;de \u00e7at\u0131\u015fmalar\u0131n durdurulmas\u0131 anla\u015fmas\u0131n\u0131n zay\u0131f bir ihtimal oldu\u011funu ifade ederken, devam etmesi i\u00e7in ter\u00f6ristlerin sald\u0131r\u0131lar\u0131na son vermeleri gerekti\u011finin alt\u0131n\u0131 \u00e7izdi.<\/p>\n","protected":false},"author":1,"featured_media":87231,"comment_status":"closed","ping_status":"closed","sticky":false,"template":"","format":"standard","meta":{"footnotes":""},"categories":[458,459,17988],"tags":[24069,16866],"class_list":["post-88559","post","type-post","status-publish","format-standard","has-post-thumbnail","","category-dunya1","category-haberler-arap-uluslararasi-politika","category-son-haberler","tag-devam-etmesi-icin-kosul-budur","tag-rusya-baskanlik-sarayi-kremlinin-resmi-sozcusu-dmitry-peskov"],"_links":{"self":[{"href":"https:\/\/archive.sana.sy\/tr\/index.php?rest_route=\/wp\/v2\/posts\/88559","targetHints":{"allow":["GET"]}}],"collection":[{"href":"https:\/\/archive.sana.sy\/tr\/index.php?rest_route=\/wp\/v2\/posts"}],"about":[{"href":"https:\/\/archive.sana.sy\/tr\/index.php?rest_route=\/wp\/v2\/types\/post"}],"author":[{"embeddable":true,"href":"https:\/\/archive.sana.sy\/tr\/index.php?rest_route=\/wp\/v2\/users\/1"}],"replies":[{"embeddable":true,"href":"https:\/\/archive.sana.sy\/tr\/index.php?rest_route=%2Fwp%2Fv2%2Fcomments&post=88559"}],"version-history":[{"count":0,"href":"https:\/\/archive.sana.sy\/tr\/index.php?rest_route=\/wp\/v2\/posts\/88559\/revisions"}],"wp:featuredmedia":[{"embeddable":true,"href":"https:\/\/archive.sana.sy\/tr\/index.php?rest_route=\/wp\/v2\/media\/87231"}],"wp:attachment":[{"href":"https:\/\/archive.sana.sy\/tr\/index.php?rest_route=%2Fwp%2Fv2%2Fmedia&parent=88559"}],"wp:term":[{"taxonomy":"category","embeddable":true,"href":"https:\/\/archive.sana.sy\/tr\/index.php?rest_route=%2Fwp%2Fv2%2Fcategories&post=88559"},{"taxonomy":"post_tag","embeddable":true,"href":"https:\/\/archive.sana.sy\/tr\/index.php?rest_route=%2Fwp%2Fv2%2Ftags&post=88559"}],"curies":[{"name":"wp","href":"https:\/\/api.w.org\/{rel}","templated":true}]}}