{"id":88584,"date":"2016-09-20T18:08:21","date_gmt":"2016-09-20T15:08:21","guid":{"rendered":"http:\/\/www.sana.sy\/tr\/?p=88584"},"modified":"2016-09-21T15:56:33","modified_gmt":"2016-09-21T12:56:33","slug":"zirhli-araclari-ve-karargahlariyla-imha-ediliyorlar","status":"publish","type":"post","link":"https:\/\/archive.sana.sy\/tr\/?p=88584","title":{"rendered":"Z\u0131rhl\u0131 Ara\u00e7lar\u0131 ve Karargahlar\u0131yla \u0130mha Ediliyorlar"},"content":{"rendered":"<p>\u0130LLER \u2013 Ordu birliklerimiz bug\u00fcn hava g\u00fc\u00e7lerimiz ve top\u00e7u birliklerimizin deste\u011fi ile muhtelif b\u00f6lgelerde radikal ve hain ter\u00f6ristlere y\u00f6nelik operasyonlar\u0131nda a\u011f\u0131r silahlarla donat\u0131lm\u0131\u015f ara\u00e7lar\u0131, karargahlar\u0131 ve siperleri ile y\u00fcksek say\u0131da ter\u00f6risti etkisiz hale getirdi.<\/p>\n<p><span style=\"color: #0000ff\">DEYREZZOR:<\/span><\/p>\n<p>SANA\u2019ya a\u00e7\u0131klama yapan askeri kaynak; hava g\u00fc\u00e7lerimizin Deyrezzor k\u0131rsal\u0131n\u0131n g\u00fcneydo\u011fusu Serda Da\u011f\u0131 civar\u0131nda I\u015e\u0130D\u2019in toplanma yerleri ve mevkilerini hedef almalar\u0131yla \u00e7ok say\u0131da te\u00f6risti \u00f6l\u00fc ve yaral\u0131 d\u00fc\u015f\u00fcr\u00fcp bir k\u0131sm\u0131 a\u011f\u0131r makineli silahlarla donat\u0131lm\u0131\u015f ara\u00e7lar\u0131n\u0131 imha ettiklerini ifade etti.<\/p>\n<p><span style=\"color: #0000ff\">HAMA:<\/span><\/p>\n<p>Bu arada hava g\u00fc\u00e7lerimizden destek alan ordu birliklerimizin Hama k\u0131rsal\u0131n\u0131n kuzeyinde Vahhabi \u00c2l Suud ve \u0130hvanc\u0131 Erdo\u011fan rejimlerinin destekledikleri \u2018Fetih Ordusu\u2019na tabi siper ve komuta karargahlar\u0131n\u0131 yo\u011fun ate\u015fe tutuklar\u0131n\u0131 belirten askeri kaynak; Kefar Nebbude, At\u015fan, Skik, Morik, Mean, Kevkeb, Suran, Um Harteyn, Nasiriye Tepesi, Tel Bzam ve Havir Vadisi b\u00f6lgelerinde tekfircileri say\u0131 ve te\u00e7hizatlar\u0131yla a\u011f\u0131r kay\u0131plara u\u011fratt\u0131klar\u0131n\u0131 aktard\u0131.<\/p>\n<p><span style=\"color: #0000ff\">HOMS:<\/span><\/p>\n<p>\u00d6te yandan askeri kaynak; hava g\u00fc\u00e7lerimizin Do\u011fu Homs Badiyesindeki Hneyfis ve Tenaf b\u00f6lgelerine ilaveten \u015eair ve Suhne Petrol sahalar\u0131 civarlar\u0131nda I\u015e\u0130D\u2019e ait toplanma yerleri ve mevkilere y\u00f6nelik hava operasyonlar\u0131 ger\u00e7ekle\u015ftirdiklerini s\u00f6yledi. Kaynak; operasyonlarda y\u00fcksek say\u0131da ter\u00f6ristin \u00f6l\u00fc ve yaral\u0131 d\u00fc\u015f\u00fcr\u00fcl\u00fcp tekfircilerin komuta karargahlar\u0131n\u0131n yan\u0131 s\u0131ra bir k\u0131sm\u0131 a\u011f\u0131r makineli silahlarla donat\u0131lm\u0131\u015f, bir k\u0131sm\u0131 da z\u0131rhl\u0131 olan ara\u00e7lar\u0131n\u0131n y\u00fckleriyle birlikte tamamen yok edildi\u011fine dikkat \u00e7ekti.<\/p>\n<p>Homs k\u0131rsal\u0131n\u0131n kuzeyinde de hava g\u00fc\u00e7lerimizin Kaide \u00d6rg\u00fct\u00fcn\u00fcn Suriye kolu Nusra Cephesinin toplanma merkezlerine kar\u015f\u0131 nitelikli operasyonlar\u0131n\u0131 s\u00fcrd\u00fcrd\u00fcklerini aktaran kaynak; Resten, Telbise, \u0130zzettin, Mekreme, Asiyle ve Zafarane b\u00f6lgelerinde aralar\u0131nda tehlikli isimlerini bulundu\u011fu bir\u00e7ok te\u00f6risti \u00f6l\u00fc ve yaral\u0131 d\u00fc\u015f\u00fcrd\u00fcklerini s\u00f6zlerine ekledi.<\/p>\n<p><span style=\"color: #0000ff\">DERA:<\/span><\/p>\n<p>Di\u011fer yandan ordu birliklerimiz Dera Beled\u2019te \u0130\u015fgalc\u0131 \u0130srail\u2019den destek alan Nusra Cephesine ait bir komuta karargah\u0131n\u0131n yan\u0131 s\u0131ra a\u011f\u0131r makineli silahla donat\u0131lm\u0131\u015f bir arac\u0131 imha ederek burada da \u00e7ok say\u0131da te\u00f6risti \u00f6l\u00fc ve yaral\u0131 d\u00fc\u015f\u00fcrd\u00fc.<\/p>\n<p><span style=\"color: #0000ff\">\u015eAM KIRSALI:<\/span><\/p>\n<p>G\u00fcn\u00fcn ilerleyen saatlerinde a\u00e7\u0131klama yapan askeri kaynak; ordu birliklerimizin \u015eam k\u0131rsal\u0131 Bat\u0131 \u011euta\u2019n\u0131n Derhabiye K\u00f6y\u00fc civar\u0131nda bir askeri noktaya sald\u0131rmaya \u00e7al\u0131\u015fan Nusra Cephesine tabi bir ter\u00f6r grubuyla \u015fiddetli \u00e7at\u0131\u015fmalara girdiklerini beyan etti. Kaynak; \u00e7at\u0131\u015fmalarda tekfircilerin sald\u0131r\u0131 giri\u015fimi \u00e7\u00f6kertilerek ter\u00f6r grubunun saflar\u0131nda \u00f6l\u00fc ve yaral\u0131 d\u00fc\u015f\u00fcr\u00fcld\u00fc\u011f\u00fcn\u00fc s\u00f6zlerine ekledi.<\/p>\n","protected":false},"excerpt":{"rendered":"<p>\u0130LLER \u2013 Ordu birliklerimiz bug\u00fcn hava g\u00fc\u00e7lerimiz ve top\u00e7u birliklerimizin deste\u011fi ile muhtelif b\u00f6lgelerde radikal ve hain ter\u00f6ristlere y\u00f6nelik operasyonlar\u0131nda a\u011f\u0131r silahlarla donat\u0131lm\u0131\u015f ara\u00e7lar\u0131, karargahlar\u0131 ve siperleri ile y\u00fcksek say\u0131da ter\u00f6risti etkisiz hale getirdi. DEYREZZOR: SANA\u2019ya a\u00e7\u0131klama yapan askeri kaynak; hava g\u00fc\u00e7lerimizin Deyrezzor k\u0131rsal\u0131n\u0131n g\u00fcneydo\u011fusu Serda Da\u011f\u0131 civar\u0131nda I\u015e\u0130D\u2019in toplanma yerleri ve mevkilerini hedef almalar\u0131yla &hellip;<\/p>\n","protected":false},"author":1,"featured_media":81473,"comment_status":"closed","ping_status":"closed","sticky":false,"template":"","format":"standard","meta":{"footnotes":""},"categories":[575,17988],"tags":[2494,1293,24071],"class_list":["post-88584","post","type-post","status-publish","format-standard","has-post-thumbnail","","category-olaylar-ve-gercekler","category-son-haberler","tag-deyrezzor","tag-homs","tag-zirhli-araclari-ve-karargahlariyla-imha-ediliyorlar"],"_links":{"self":[{"href":"https:\/\/archive.sana.sy\/tr\/index.php?rest_route=\/wp\/v2\/posts\/88584","targetHints":{"allow":["GET"]}}],"collection":[{"href":"https:\/\/archive.sana.sy\/tr\/index.php?rest_route=\/wp\/v2\/posts"}],"about":[{"href":"https:\/\/archive.sana.sy\/tr\/index.php?rest_route=\/wp\/v2\/types\/post"}],"author":[{"embeddable":true,"href":"https:\/\/archive.sana.sy\/tr\/index.php?rest_route=\/wp\/v2\/users\/1"}],"replies":[{"embeddable":true,"href":"https:\/\/archive.sana.sy\/tr\/index.php?rest_route=%2Fwp%2Fv2%2Fcomments&post=88584"}],"version-history":[{"count":0,"href":"https:\/\/archive.sana.sy\/tr\/index.php?rest_route=\/wp\/v2\/posts\/88584\/revisions"}],"wp:featuredmedia":[{"embeddable":true,"href":"https:\/\/archive.sana.sy\/tr\/index.php?rest_route=\/wp\/v2\/media\/81473"}],"wp:attachment":[{"href":"https:\/\/archive.sana.sy\/tr\/index.php?rest_route=%2Fwp%2Fv2%2Fmedia&parent=88584"}],"wp:term":[{"taxonomy":"category","embeddable":true,"href":"https:\/\/archive.sana.sy\/tr\/index.php?rest_route=%2Fwp%2Fv2%2Fcategories&post=88584"},{"taxonomy":"post_tag","embeddable":true,"href":"https:\/\/archive.sana.sy\/tr\/index.php?rest_route=%2Fwp%2Fv2%2Ftags&post=88584"}],"curies":[{"name":"wp","href":"https:\/\/api.w.org\/{rel}","templated":true}]}}