{"id":88790,"date":"2016-09-22T13:49:35","date_gmt":"2016-09-22T10:49:35","guid":{"rendered":"http:\/\/www.sana.sy\/tr\/?p=88790"},"modified":"2016-09-23T15:18:44","modified_gmt":"2016-09-23T12:18:44","slug":"250-kisi-serbest-birakildi","status":"publish","type":"post","link":"https:\/\/archive.sana.sy\/tr\/?p=88790","title":{"rendered":"250 Ki\u015fi Serbest B\u0131rak\u0131ld\u0131 (video)"},"content":{"rendered":"<p>\u015eAM \u2013\u015eam\u2019\u0131n Kadem Semtinde sa\u011flanan anla\u015fman\u0131n ikinci s\u00fcreci kapsam\u0131nda bug\u00fcn 250 kanun ka\u00e7a\u011f\u0131n\u0131n kanuni durumlar\u0131 yeniden d\u00fczenlenerek serbest b\u0131rak\u0131ld\u0131lar.<\/p>\n<p>2016\/15 say\u0131l\u0131 af karar\u0131 kapsam\u0131nda i\u015flemleri tamamlan\u0131p serbest b\u0131rak\u0131lanlar, ulusal g\u00fcvenli\u011fi tehdit edecek herhangi bir eyleme kat\u0131lmama taahh\u00fcd\u00fc imzalarken, normal ya\u015famlar\u0131na d\u00f6nmenin sevincini ifade ettiler.<\/p>\n<p>https:\/\/www.youtube.com\/watch?v=Zd1jMn211yU<\/p>\n","protected":false},"excerpt":{"rendered":"<p>\u015eAM \u2013\u015eam\u2019\u0131n Kadem Semtinde sa\u011flanan anla\u015fman\u0131n ikinci s\u00fcreci kapsam\u0131nda bug\u00fcn 250 kanun ka\u00e7a\u011f\u0131n\u0131n kanuni durumlar\u0131 yeniden d\u00fczenlenerek serbest b\u0131rak\u0131ld\u0131lar. 2016\/15 say\u0131l\u0131 af karar\u0131 kapsam\u0131nda i\u015flemleri tamamlan\u0131p serbest b\u0131rak\u0131lanlar, ulusal g\u00fcvenli\u011fi tehdit edecek herhangi bir eyleme kat\u0131lmama taahh\u00fcd\u00fc imzalarken, normal ya\u015famlar\u0131na d\u00f6nmenin sevincini ifade ettiler. https:\/\/www.youtube.com\/watch?v=Zd1jMn211yU<\/p>\n","protected":false},"author":1,"featured_media":88847,"comment_status":"closed","ping_status":"closed","sticky":false,"template":"","format":"standard","meta":{"footnotes":""},"categories":[479,575,17988,478],"tags":[24113,18363,18945,19043,19034,2300,20555],"class_list":["post-88790","post","type-post","status-publish","format-standard","has-post-thumbnail","","category-haberler-yerel","category-olaylar-ve-gercekler","category-son-haberler","category-yerel","tag-250-kisi-serbest-birakildi","tag-af-karari","tag-serbest-birakildi","tag-suriyede-son-durum","tag-suriyeli-muhalifler","tag-teslim-oldu","tag-ulusal-uzlsama"],"_links":{"self":[{"href":"https:\/\/archive.sana.sy\/tr\/index.php?rest_route=\/wp\/v2\/posts\/88790","targetHints":{"allow":["GET"]}}],"collection":[{"href":"https:\/\/archive.sana.sy\/tr\/index.php?rest_route=\/wp\/v2\/posts"}],"about":[{"href":"https:\/\/archive.sana.sy\/tr\/index.php?rest_route=\/wp\/v2\/types\/post"}],"author":[{"embeddable":true,"href":"https:\/\/archive.sana.sy\/tr\/index.php?rest_route=\/wp\/v2\/users\/1"}],"replies":[{"embeddable":true,"href":"https:\/\/archive.sana.sy\/tr\/index.php?rest_route=%2Fwp%2Fv2%2Fcomments&post=88790"}],"version-history":[{"count":0,"href":"https:\/\/archive.sana.sy\/tr\/index.php?rest_route=\/wp\/v2\/posts\/88790\/revisions"}],"wp:featuredmedia":[{"embeddable":true,"href":"https:\/\/archive.sana.sy\/tr\/index.php?rest_route=\/wp\/v2\/media\/88847"}],"wp:attachment":[{"href":"https:\/\/archive.sana.sy\/tr\/index.php?rest_route=%2Fwp%2Fv2%2Fmedia&parent=88790"}],"wp:term":[{"taxonomy":"category","embeddable":true,"href":"https:\/\/archive.sana.sy\/tr\/index.php?rest_route=%2Fwp%2Fv2%2Fcategories&post=88790"},{"taxonomy":"post_tag","embeddable":true,"href":"https:\/\/archive.sana.sy\/tr\/index.php?rest_route=%2Fwp%2Fv2%2Ftags&post=88790"}],"curies":[{"name":"wp","href":"https:\/\/api.w.org\/{rel}","templated":true}]}}