{"id":88798,"date":"2016-09-22T14:16:49","date_gmt":"2016-09-22T11:16:49","guid":{"rendered":"http:\/\/www.sana.sy\/tr\/?p=88798"},"modified":"2016-12-14T15:10:37","modified_gmt":"2016-12-14T13:10:37","slug":"vahhabi-ve-ihvanci-destekli-terore-karsi-operasyonlar-basariyla-devam-ediyor","status":"publish","type":"post","link":"https:\/\/archive.sana.sy\/tr\/?p=88798","title":{"rendered":"Vahhabi ve \u0130hvanc\u0131 Destekli Ter\u00f6re Kar\u015f\u0131 Operasyonlar Ba\u015far\u0131yla Devam Ediyor (video)"},"content":{"rendered":"<p>\u0130LLER \u2013 Ordu birliklerimiz vahhabi ve ihvanc\u0131 ideolojilerden beslenen ter\u00f6re kar\u015f\u0131 hava g\u00fc\u00e7lerimizin deste\u011fi ile s\u00fcrd\u00fcrd\u00fckleri operasyonlar\u0131nda bug\u00fcn aralar\u0131nda az\u0131l\u0131 isimlerin bulundu\u011fu onlarca ter\u00f6risti etkisizle\u015ftirirlerken, karargah ve a\u011f\u0131r silahlarla donat\u0131lm\u0131\u015f ara\u00e7lar\u0131n\u0131 da imha etti.<\/p>\n<p><span style=\"color: #0000ff\">HAMA:<\/span><\/p>\n<p>SANA\u2019ya a\u00e7\u0131klamas\u0131nda askeri kaynak hava g\u00fc\u00e7lerimiz ve top\u00e7u birliklerimizin deste\u011fi ile Hama k\u0131rsal\u0131nda \u00f6nemli ba\u015far\u0131lar kaydeden ordu birliklerimizin Meardes ve civar\u0131na ilaveten Suran, T\u0131ybat el \u0130mam, Btay\u015f, Zellakiyat, Tel Dveyr, At\u015fan, Skeyk ve Mean\u2019\u0131n kuzeyinde \u2018Fetih Ordusu\u2019na tabi ter\u00f6ristlerin mevki, siper, ara\u00e7 ve karargahlar\u0131n\u0131 muhtevalar\u0131yla imha ettiklerini belirtti.<\/p>\n<p>Meardes Beldesi civar\u0131na d\u00fc\u015fen ve beldeye bakan tepenin ordunun kontrol\u00fcne ge\u00e7ti\u011fini ifade eden kaynak; s\u00f6z konusu operasyonlarda aralar\u0131nda yabanc\u0131 ve saha komutanlar\u0131n\u0131n bulundu\u011fu y\u00fcksek say\u0131da ter\u00f6ristin etkisiz hale getirildiklerini kaydetti. Kaynak bir k\u0131sm\u0131 a\u011f\u0131r silahlarla donat\u0131lm\u0131\u015f, bir k\u0131sm\u0131 da cephane ta\u015f\u0131yan yine bir\u00e7ok arac\u0131n y\u00fckleriyle birlikte imha edildiklerini s\u00f6yledi.<\/p>\n<p>https:\/\/www.youtube.com\/watch?v=Ts_-nmJq8kI<\/p>\n<p><span style=\"color: #0000ff\">HOMS:<\/span><\/p>\n<p>Askeri kaynak hava g\u00fc\u00e7lerimizin Homs k\u0131rsal\u0131n\u0131n do\u011fusu ve kuzeyinde I\u015e\u0130D ve Nusra Cephesine kar\u015f\u0131 operasyonlar\u0131n\u0131 s\u00fcrd\u00fcren hava g\u00fc\u00e7lerimizin Teyr Mala, Telbise, Resten, Kiysin, Savvana ve Tedmur\u2019un do\u011fusunda ter\u00f6ristlerin karargahlar\u0131n\u0131, cephaneliklerini ve a\u011f\u0131r silahlarla donat\u0131lm\u0131\u015f ara\u00e7lar\u0131n\u0131 imha ettiklerini aktard\u0131.<\/p>\n<p><span style=\"color: #0000ff\">DERA:<\/span><\/p>\n<p>Ordu birliklerimizin Dera\u2019da \u0130srail&#8217;den destek ve komuta alan Nusra Cephesi ve m\u00fcttefikleri di\u011fer ter\u00f6r \u00f6rg\u00fctlerin mevkilerini yo\u011fun ate\u015fe tuttuklar\u0131n\u0131 kaydeden askeri kaynak; Busra el \u015eam, Dera Beled ve Dera Mahatta\u2019da a\u011f\u0131r silahlarla donat\u0131lm\u0131\u015f ara\u00e7lar ve karargahlar\u0131n imha edilmesiyle \u00e7ok say\u0131da ter\u00f6ristin \u00f6ld\u00fcr\u00fcld\u00fc\u011f\u00fcn\u00fc aktard\u0131.<\/p>\n","protected":false},"excerpt":{"rendered":"<p>\u0130LLER \u2013 Ordu birliklerimiz vahhabi ve ihvanc\u0131 ideolojilerden beslenen ter\u00f6re kar\u015f\u0131 hava g\u00fc\u00e7lerimizin deste\u011fi ile s\u00fcrd\u00fcrd\u00fckleri operasyonlar\u0131nda bug\u00fcn aralar\u0131nda az\u0131l\u0131 isimlerin bulundu\u011fu onlarca ter\u00f6risti etkisizle\u015ftirirlerken, karargah ve a\u011f\u0131r silahlarla donat\u0131lm\u0131\u015f ara\u00e7lar\u0131n\u0131 da imha etti. HAMA: SANA\u2019ya a\u00e7\u0131klamas\u0131nda askeri kaynak hava g\u00fc\u00e7lerimiz ve top\u00e7u birliklerimizin deste\u011fi ile Hama k\u0131rsal\u0131nda \u00f6nemli ba\u015far\u0131lar kaydeden ordu birliklerimizin Meardes ve &hellip;<\/p>\n","protected":false},"author":1,"featured_media":88804,"comment_status":"closed","ping_status":"closed","sticky":false,"template":"","format":"standard","meta":{"footnotes":""},"categories":[575,17988],"tags":[3464,18365,18237,18576,15787,2318,18347,11549,19043,22182,19034,4076],"class_list":["post-88798","post","type-post","status-publish","format-standard","has-post-thumbnail","","category-olaylar-ve-gercekler","category-son-haberler","tag-nusra-cephesi","tag-ahrar-el-sam","tag-cihatcilar","tag-daes","tag-fetih-ordusu","tag-isid","tag-oso","tag-suriye-ordusu","tag-suriyede-son-durum","tag-suriyede-savas","tag-suriyeli-muhalifler","tag-terorle-mucadele"],"_links":{"self":[{"href":"https:\/\/archive.sana.sy\/tr\/index.php?rest_route=\/wp\/v2\/posts\/88798","targetHints":{"allow":["GET"]}}],"collection":[{"href":"https:\/\/archive.sana.sy\/tr\/index.php?rest_route=\/wp\/v2\/posts"}],"about":[{"href":"https:\/\/archive.sana.sy\/tr\/index.php?rest_route=\/wp\/v2\/types\/post"}],"author":[{"embeddable":true,"href":"https:\/\/archive.sana.sy\/tr\/index.php?rest_route=\/wp\/v2\/users\/1"}],"replies":[{"embeddable":true,"href":"https:\/\/archive.sana.sy\/tr\/index.php?rest_route=%2Fwp%2Fv2%2Fcomments&post=88798"}],"version-history":[{"count":0,"href":"https:\/\/archive.sana.sy\/tr\/index.php?rest_route=\/wp\/v2\/posts\/88798\/revisions"}],"wp:featuredmedia":[{"embeddable":true,"href":"https:\/\/archive.sana.sy\/tr\/index.php?rest_route=\/wp\/v2\/media\/88804"}],"wp:attachment":[{"href":"https:\/\/archive.sana.sy\/tr\/index.php?rest_route=%2Fwp%2Fv2%2Fmedia&parent=88798"}],"wp:term":[{"taxonomy":"category","embeddable":true,"href":"https:\/\/archive.sana.sy\/tr\/index.php?rest_route=%2Fwp%2Fv2%2Fcategories&post=88798"},{"taxonomy":"post_tag","embeddable":true,"href":"https:\/\/archive.sana.sy\/tr\/index.php?rest_route=%2Fwp%2Fv2%2Ftags&post=88798"}],"curies":[{"name":"wp","href":"https:\/\/api.w.org\/{rel}","templated":true}]}}