{"id":88864,"date":"2016-09-22T22:24:54","date_gmt":"2016-09-22T19:24:54","guid":{"rendered":"http:\/\/www.sana.sy\/tr\/?p=88864"},"modified":"2016-09-23T12:33:30","modified_gmt":"2016-09-23T09:33:30","slug":"muallim-bm-genel-kurul-toplantisi-kapsaminda-temaslarini-surduruyor","status":"publish","type":"post","link":"https:\/\/archive.sana.sy\/tr\/?p=88864","title":{"rendered":"Muallim BM Genel Kurul Toplant\u0131s\u0131 Kapsam\u0131nda Temaslar\u0131n\u0131 S\u00fcrd\u00fcr\u00fcyor"},"content":{"rendered":"<p>NEW YORK \u2013 Ba\u015fbakan Yard\u0131mc\u0131s\u0131 ve D\u0131\u015fi\u015fleri ve Gurbet\u00e7iler Bakan\u0131 Velit el Mualim, Birle\u015fmi\u015f Milletler Genel Kurul 71. D\u00f6nem toplant\u0131lar\u0131 kapsam\u0131nda bug\u00fcn Filistin Y\u00f6netimi Ba\u015fkan\u0131 Mahmut Abbas ile bir araya geldi.<\/p>\n<p>Filistin ile ilgili genel durumlar\u0131n g\u00f6r\u00fc\u015f\u00fcld\u00fc\u011f\u00fc toplant\u0131da Abbas; Filistin halk\u0131n\u0131n, ter\u00f6re kar\u015f\u0131 m\u00fccadelede Suriye halk\u0131n\u0131n yan\u0131nda yer ald\u0131\u011f\u0131n\u0131 ve tekfirci vah\u015fi ter\u00f6r sald\u0131r\u0131lar\u0131ndan dolay\u0131 Suriye halk\u0131n\u0131 \u00e7ekti\u011fi ac\u0131lar\u0131 hafifletmek i\u00e7in el birli\u011fi ile \u00e7al\u0131\u015fman\u0131n \u00f6nemine dikkat \u00e7ekti.<\/p>\n<p>Filistin halk\u0131n\u0131n me\u015fru haklar\u0131n\u0131 yok saymak i\u00e7in s\u00fcren oyunlara ili\u015fkin ayr\u0131nt\u0131l\u0131 bir anlat\u0131m sunan Abbas; b\u00f6lgesel ve uluslararas\u0131 baz\u0131 taraflar\u0131n \u0130srail i\u015fgalini normalle\u015ftirmek i\u00e7in harcad\u0131klar\u0131 \u00e7abalara dikkat \u00e7ekti.<\/p>\n<p><a href=\"http:\/\/www.sana.sy\/tr\/wp-content\/uploads\/2016\/09\/Muallim-1.jpg\"><img loading=\"lazy\" decoding=\"async\" class=\"alignright wp-image-88871 size-medium\" src=\"http:\/\/www.sana.sy\/tr\/wp-content\/uploads\/2016\/09\/Muallim-1-300x215.jpg\" alt=\"muallim-1\" width=\"300\" height=\"215\" srcset=\"https:\/\/archive.sana.sy\/tr\/wp-content\/uploads\/2016\/09\/Muallim-1-300x215.jpg 300w, https:\/\/archive.sana.sy\/tr\/wp-content\/uploads\/2016\/09\/Muallim-1-150x107.jpg 150w, https:\/\/archive.sana.sy\/tr\/wp-content\/uploads\/2016\/09\/Muallim-1-768x549.jpg 768w, https:\/\/archive.sana.sy\/tr\/wp-content\/uploads\/2016\/09\/Muallim-1-1024x732.jpg 1024w, https:\/\/archive.sana.sy\/tr\/wp-content\/uploads\/2016\/09\/Muallim-1.jpg 1600w\" sizes=\"auto, (max-width: 300px) 100vw, 300px\" \/><\/a>Ard\u0131ndan \u00c7ek Cumhuriyeti D\u0131\u015fi\u015fleri Bakan\u0131 Lubomir Zaoralek ile bir araya gelen Muallim Suriye&#8217;de ya\u015fanan son geli\u015fmelere ili\u015fkin bir anlat\u0131m sundu.<\/p>\n<p>B\u00fct\u00fcn taraflar\u0131n Suriye halk\u0131n\u0131n ac\u0131lar\u0131n\u0131n sona erdirilmesinden s\u00f6z etti\u011fini ancak hi\u00e7 kimsenin bu ac\u0131lar\u0131n sebeplerinin soru\u015fturulmas\u0131 gerekti\u011fine de\u011finmedi\u011fini dile getiren Muallim; Suriye halk\u0131n\u0131n \u00e7ekti\u011fi b\u00fct\u00fcn ac\u0131lar\u0131n tek sebebinin ter\u00f6r ve ter\u00f6r\u00fc destekleyen belli devletler oldu\u011funu belirtti.<\/p>\n<p>Taraflar\u0131n Suriye&#8217;de g\u00fcvenlik ve istikrar\u0131n yeniden sa\u011flanmas\u0131 i\u00e7in ter\u00f6rle m\u00fccadelede uluslararas\u0131 i\u015fbirli\u011finin \u00f6nemine dikkat \u00e7ekti\u011fi toplant\u0131da insani yard\u0131m faaliyetleri kapsam\u0131nda \u00c7ek Cumhuriyeti\u2019nin Suriye&#8217;ye sunaca\u011f\u0131 yard\u0131mlarla ilgili koordinasyon \u00e7al\u0131\u015fmalar\u0131n\u0131n devam etti\u011fi dile getirildi.<\/p>\n<p>Suriye&#8217;de ya\u015fanmakta olan krizin siyasi \u00e7\u00f6z\u00fcm s\u00fcrecinin devam etmesinin b\u00fct\u00fcn taraflar\u0131n sorumlulu\u011fu oldu\u011funu ifade eden Zaoralek; \u00c7ek Cumhuriyetinin Suriye&#8217;de yeniden in\u015fa s\u00fcrecine kat\u0131lmak i\u00e7in haz\u0131r oldu\u011funu belirtti.<\/p>\n<p>Kazakistan D\u0131\u015fi\u015fleri Bakan\u0131 Erlan \u0130drissov ile bir araya gelen Muallim, b\u00f6lgede ya\u015fanan durumlar\u0131 ve ikili ili\u015fkileri g\u00fcndeme alarak iki \u00fclke aras\u0131ndaki ili\u015fkilerin geli\u015ftirilmesi ve peki\u015ftirilmesinin \u00f6nemine dikkat \u00e7ekerek ter\u00f6rle m\u00fccadele alan\u0131nda \u00e7abalar\u0131n birle\u015ftirilmesi gere\u011fini vurgulad\u0131.<\/p>\n<p>G\u00f6r\u00fc\u015fmede iki taraf, ter\u00f6r\u00fcn uluslararas\u0131 alanda yay\u0131lmas\u0131 tehlikesine kar\u015f\u0131 iki \u00fclke aras\u0131ndaki i\u015fbirli\u011fi ve koordinasyonun g\u00fc\u00e7lendirilmesi gerekti\u011fi konusunda hemfikir oldu\u011funu ifade etti.<\/p>\n<p>G\u00f6r\u00fc\u015fmelere D\u0131\u015fi\u015fleri ve Gurbet\u00e7iler Bakan\u0131 Yard\u0131mc\u0131s\u0131 Faysal el Mikdat, Suriye&#8217;nin Daimi BM Temsilcisi Be\u015f\u015far el Caferi ve D\u0131\u015fi\u015fleri ve Gurbet\u00e7iler Bakan\u0131n\u0131n M\u00fcste\u015far\u0131 Ahmet Arnus kat\u0131ld\u0131.<\/p>\n<p>F.B.<\/p>\n","protected":false},"excerpt":{"rendered":"<p>NEW YORK \u2013 Ba\u015fbakan Yard\u0131mc\u0131s\u0131 ve D\u0131\u015fi\u015fleri ve Gurbet\u00e7iler Bakan\u0131 Velit el Mualim, Birle\u015fmi\u015f Milletler Genel Kurul 71. D\u00f6nem toplant\u0131lar\u0131 kapsam\u0131nda bug\u00fcn Filistin Y\u00f6netimi Ba\u015fkan\u0131 Mahmut Abbas ile bir araya geldi. Filistin ile ilgili genel durumlar\u0131n g\u00f6r\u00fc\u015f\u00fcld\u00fc\u011f\u00fc toplant\u0131da Abbas; Filistin halk\u0131n\u0131n, ter\u00f6re kar\u015f\u0131 m\u00fccadelede Suriye halk\u0131n\u0131n yan\u0131nda yer ald\u0131\u011f\u0131n\u0131 ve tekfirci vah\u015fi ter\u00f6r sald\u0131r\u0131lar\u0131ndan dolay\u0131 &hellip;<\/p>\n","protected":false},"author":1,"featured_media":88866,"comment_status":"closed","ping_status":"closed","sticky":false,"template":"","format":"standard","meta":{"footnotes":""},"categories":[458,459,17988],"tags":[24128],"class_list":["post-88864","post","type-post","status-publish","format-standard","has-post-thumbnail","","category-dunya1","category-haberler-arap-uluslararasi-politika","category-son-haberler","tag-muallim-bm-genel-kurul-toplantisi-kapsaminda-temaslarini-surduruyor"],"_links":{"self":[{"href":"https:\/\/archive.sana.sy\/tr\/index.php?rest_route=\/wp\/v2\/posts\/88864","targetHints":{"allow":["GET"]}}],"collection":[{"href":"https:\/\/archive.sana.sy\/tr\/index.php?rest_route=\/wp\/v2\/posts"}],"about":[{"href":"https:\/\/archive.sana.sy\/tr\/index.php?rest_route=\/wp\/v2\/types\/post"}],"author":[{"embeddable":true,"href":"https:\/\/archive.sana.sy\/tr\/index.php?rest_route=\/wp\/v2\/users\/1"}],"replies":[{"embeddable":true,"href":"https:\/\/archive.sana.sy\/tr\/index.php?rest_route=%2Fwp%2Fv2%2Fcomments&post=88864"}],"version-history":[{"count":0,"href":"https:\/\/archive.sana.sy\/tr\/index.php?rest_route=\/wp\/v2\/posts\/88864\/revisions"}],"wp:featuredmedia":[{"embeddable":true,"href":"https:\/\/archive.sana.sy\/tr\/index.php?rest_route=\/wp\/v2\/media\/88866"}],"wp:attachment":[{"href":"https:\/\/archive.sana.sy\/tr\/index.php?rest_route=%2Fwp%2Fv2%2Fmedia&parent=88864"}],"wp:term":[{"taxonomy":"category","embeddable":true,"href":"https:\/\/archive.sana.sy\/tr\/index.php?rest_route=%2Fwp%2Fv2%2Fcategories&post=88864"},{"taxonomy":"post_tag","embeddable":true,"href":"https:\/\/archive.sana.sy\/tr\/index.php?rest_route=%2Fwp%2Fv2%2Ftags&post=88864"}],"curies":[{"name":"wp","href":"https:\/\/api.w.org\/{rel}","templated":true}]}}