{"id":88934,"date":"2016-09-23T19:15:17","date_gmt":"2016-09-23T16:15:17","guid":{"rendered":"http:\/\/www.sana.sy\/tr\/?p=88934"},"modified":"2016-09-24T16:02:56","modified_gmt":"2016-09-24T13:02:56","slug":"tank-ve-agir-makineli-silahlari-ile-imha-ediliyorlar","status":"publish","type":"post","link":"https:\/\/archive.sana.sy\/tr\/?p=88934","title":{"rendered":"Tank ve A\u011f\u0131r Makineli Silahlar\u0131 \u0130le \u0130mha Ediliyorlar"},"content":{"rendered":"<p>\u0130LLER \u2013 Ordu birliklerimiz bug\u00fcn de d\u0131\u015f g\u00fc\u00e7lerden destek alan radikal ter\u00f6ristlere y\u00f6nelik operasyonlar\u0131nda sivillere kar\u015f\u0131 katliamlar i\u015fleyen bu \u00e7eteleri ciddi kay\u0131plara u\u011fratt\u0131.<br \/>\n<span style=\"color: #0000ff\">DEYREZZOR:<\/span><\/p>\n<p>Askeri kaynak; hava g\u00fc\u00e7lerimizin Deyrezzor k\u0131rsal\u0131n\u0131n Serda Da\u011f\u0131 civar\u0131, Mureyiye ve Hatla b\u00f6lgelerinde I\u015e\u0130D ter\u00f6r \u00f6rg\u00fct\u00fcne tabi toplanma yerleri ve hareket eksenlerini hedef ald\u0131klar\u0131n\u0131 belirtti.<\/p>\n<p>Kaynak operasyonlarda onlarca ter\u00f6ristin \u00f6l\u00fc ve yaral\u0131 d\u00fc\u015f\u00fcr\u00fcl\u00fcp, a\u011f\u0131r makineli silahla donat\u0131lm\u0131\u015f 7 arac\u0131n yan\u0131 s\u0131ra 3 tank ve 2 z\u0131rhl\u0131 arac\u0131n y\u00fckleriyle birlikte imha edildi\u011fini ifade etti.<\/p>\n<p><span style=\"color: #0000ff\">HAMA:<\/span><\/p>\n<p>Bu arada askeri kaynak; hava g\u00fc\u00e7lerimizin Hama Kentinin 18 km kuzeyine d\u00fc\u015fen Zevr el Taybe, Taybet el \u0130mam ve Muardes b\u00f6lgelerinde ter\u00f6ristlerin mevkilerini yo\u011fun ate\u015fe tutuklar\u0131n\u0131 belirtti.<\/p>\n<p>Kaynak; y\u00fcksek say\u0131da ter\u00f6ristin \u00f6l\u00fc yaral\u0131 d\u00fc\u015f\u00fcr\u00fcld\u00fc\u011f\u00fc operasyonlarda 4 tank ve a\u011f\u0131r makineli silahla donat\u0131lm\u0131\u015f 3 araca ilaveten z\u0131rhl\u0131 bir arac\u0131n y\u00fckleriyle birlikte imha edildiklerine dikkat \u00e7ekti.<\/p>\n<p><span style=\"color: #0000ff\">DERA:<\/span><\/p>\n<p>Di\u011fer yandan Dera Kentinin g\u00fcneyine d\u00fc\u015fen Nahle Mezralar\u0131nda siper ve barikat kurmaya \u00e7al\u0131\u015fan bir te\u00f6r grubunun t\u00fcm \u00fcyelerini \u00f6l\u00fc ve yaral\u0131 d\u00fc\u015f\u00fcren ordu birliklerimiz; havzalar\u0131nda bulunan ara\u00e7, silah ve m\u00fchimmatlar\u0131n\u0131 tamamen yok etti.<\/p>\n<p><span style=\"color: #0000ff\">KUNAYTRA:<\/span><\/p>\n<p>Bu arada SANA muhabiri; ordu birliklerimizin Halk Savunma G\u00fc\u00e7leriyle i\u015fbirli\u011fi i\u00e7inde Kunaytra k\u0131rsal\u0131n\u0131n kuzeyinde \u0130srail\u2019den destek alan Nusra Cephesine tabi 8 te\u00f6ristten olu\u015fan bir ter\u00f6r grubunu s\u0131k\u0131 bir pusuya d\u00fc\u015f\u00fcrmeleri sonucunda ter\u00f6r grubunun t\u00fcm \u00fcyelerini \u00f6ld\u00fcrd\u00fcklerini ifade etti.<\/p>\n","protected":false},"excerpt":{"rendered":"<p>\u0130LLER \u2013 Ordu birliklerimiz bug\u00fcn de d\u0131\u015f g\u00fc\u00e7lerden destek alan radikal ter\u00f6ristlere y\u00f6nelik operasyonlar\u0131nda sivillere kar\u015f\u0131 katliamlar i\u015fleyen bu \u00e7eteleri ciddi kay\u0131plara u\u011fratt\u0131. DEYREZZOR: Askeri kaynak; hava g\u00fc\u00e7lerimizin Deyrezzor k\u0131rsal\u0131n\u0131n Serda Da\u011f\u0131 civar\u0131, Mureyiye ve Hatla b\u00f6lgelerinde I\u015e\u0130D ter\u00f6r \u00f6rg\u00fct\u00fcne tabi toplanma yerleri ve hareket eksenlerini hedef ald\u0131klar\u0131n\u0131 belirtti. Kaynak operasyonlarda onlarca ter\u00f6ristin \u00f6l\u00fc ve &hellip;<\/p>\n","protected":false},"author":1,"featured_media":79091,"comment_status":"closed","ping_status":"closed","sticky":false,"template":"","format":"standard","meta":{"footnotes":""},"categories":[575,17988],"tags":[24135,20577,24134],"class_list":["post-88934","post","type-post","status-publish","format-standard","has-post-thumbnail","","category-olaylar-ve-gercekler","category-son-haberler","tag-deyrezzor-kirsalinin-serda-dagi","tag-halk-savunma-gucleri","tag-tank-ve-agir-makineli-silahlari-ile-imha-ediliyorlar"],"_links":{"self":[{"href":"https:\/\/archive.sana.sy\/tr\/index.php?rest_route=\/wp\/v2\/posts\/88934","targetHints":{"allow":["GET"]}}],"collection":[{"href":"https:\/\/archive.sana.sy\/tr\/index.php?rest_route=\/wp\/v2\/posts"}],"about":[{"href":"https:\/\/archive.sana.sy\/tr\/index.php?rest_route=\/wp\/v2\/types\/post"}],"author":[{"embeddable":true,"href":"https:\/\/archive.sana.sy\/tr\/index.php?rest_route=\/wp\/v2\/users\/1"}],"replies":[{"embeddable":true,"href":"https:\/\/archive.sana.sy\/tr\/index.php?rest_route=%2Fwp%2Fv2%2Fcomments&post=88934"}],"version-history":[{"count":0,"href":"https:\/\/archive.sana.sy\/tr\/index.php?rest_route=\/wp\/v2\/posts\/88934\/revisions"}],"wp:featuredmedia":[{"embeddable":true,"href":"https:\/\/archive.sana.sy\/tr\/index.php?rest_route=\/wp\/v2\/media\/79091"}],"wp:attachment":[{"href":"https:\/\/archive.sana.sy\/tr\/index.php?rest_route=%2Fwp%2Fv2%2Fmedia&parent=88934"}],"wp:term":[{"taxonomy":"category","embeddable":true,"href":"https:\/\/archive.sana.sy\/tr\/index.php?rest_route=%2Fwp%2Fv2%2Fcategories&post=88934"},{"taxonomy":"post_tag","embeddable":true,"href":"https:\/\/archive.sana.sy\/tr\/index.php?rest_route=%2Fwp%2Fv2%2Ftags&post=88934"}],"curies":[{"name":"wp","href":"https:\/\/api.w.org\/{rel}","templated":true}]}}