{"id":89096,"date":"2016-09-25T10:23:04","date_gmt":"2016-09-25T07:23:04","guid":{"rendered":"http:\/\/www.sana.sy\/tr\/?p=89096"},"modified":"2016-09-25T10:23:04","modified_gmt":"2016-09-25T07:23:04","slug":"askeri-kaynak-ordu-birliklerimizin-dera-beled-ve-dera-mahatta-bolgelerinde-israilden-destek-alan-teroristlerin-siper-ve-komuta-karargahlarini-hedef-almalariyla-tekfircileri-sayi-ve-techizatl","status":"publish","type":"post","link":"https:\/\/archive.sana.sy\/tr\/?p=89096","title":{"rendered":"Askeri kaynak; ordu birliklerimizin Dera Beled ve Dera Mahatta b\u00f6lgelerinde \u0130srail\u2019den destek alan ter\u00f6ristlerin siper ve komuta karargahlar\u0131n\u0131 hedef almalar\u0131yla tekfircileri say\u0131 ve te\u00e7hizatlar\u0131yla birlikte a\u011f\u0131r kay\u0131plara u\u011fratt\u0131klar\u0131n\u0131 belirtti"},"content":{"rendered":"<p>Askeri kaynak; ordu birliklerimizin Dera Beled ve Dera Mahatta b\u00f6lgelerinde \u0130srail\u2019den destek alan ter\u00f6ristlerin siper ve komuta karargahlar\u0131n\u0131 hedef almalar\u0131yla tekfircileri say\u0131 ve te\u00e7hizatlar\u0131yla birlikte a\u011f\u0131r kay\u0131plara u\u011fratt\u0131klar\u0131n\u0131 belirtti<\/p>\n","protected":false},"excerpt":{"rendered":"<p>Askeri kaynak; ordu birliklerimizin Dera Beled ve Dera Mahatta b\u00f6lgelerinde \u0130srail\u2019den destek alan ter\u00f6ristlerin siper ve komuta karargahlar\u0131n\u0131 hedef almalar\u0131yla tekfircileri say\u0131 ve te\u00e7hizatlar\u0131yla birlikte a\u011f\u0131r kay\u0131plara u\u011fratt\u0131klar\u0131n\u0131 belirtti<\/p>\n","protected":false},"author":1,"featured_media":0,"comment_status":"closed","ping_status":"closed","sticky":false,"template":"","format":"standard","meta":{"footnotes":""},"categories":[17991],"tags":[],"class_list":["post-89096","post","type-post","status-publish","format-standard","","category-son-dakika"],"_links":{"self":[{"href":"https:\/\/archive.sana.sy\/tr\/index.php?rest_route=\/wp\/v2\/posts\/89096","targetHints":{"allow":["GET"]}}],"collection":[{"href":"https:\/\/archive.sana.sy\/tr\/index.php?rest_route=\/wp\/v2\/posts"}],"about":[{"href":"https:\/\/archive.sana.sy\/tr\/index.php?rest_route=\/wp\/v2\/types\/post"}],"author":[{"embeddable":true,"href":"https:\/\/archive.sana.sy\/tr\/index.php?rest_route=\/wp\/v2\/users\/1"}],"replies":[{"embeddable":true,"href":"https:\/\/archive.sana.sy\/tr\/index.php?rest_route=%2Fwp%2Fv2%2Fcomments&post=89096"}],"version-history":[{"count":0,"href":"https:\/\/archive.sana.sy\/tr\/index.php?rest_route=\/wp\/v2\/posts\/89096\/revisions"}],"wp:attachment":[{"href":"https:\/\/archive.sana.sy\/tr\/index.php?rest_route=%2Fwp%2Fv2%2Fmedia&parent=89096"}],"wp:term":[{"taxonomy":"category","embeddable":true,"href":"https:\/\/archive.sana.sy\/tr\/index.php?rest_route=%2Fwp%2Fv2%2Fcategories&post=89096"},{"taxonomy":"post_tag","embeddable":true,"href":"https:\/\/archive.sana.sy\/tr\/index.php?rest_route=%2Fwp%2Fv2%2Ftags&post=89096"}],"curies":[{"name":"wp","href":"https:\/\/api.w.org\/{rel}","templated":true}]}}