{"id":89107,"date":"2016-09-25T10:30:04","date_gmt":"2016-09-25T07:30:04","guid":{"rendered":"http:\/\/www.sana.sy\/tr\/?p=89107"},"modified":"2016-09-26T13:20:38","modified_gmt":"2016-09-26T10:20:38","slug":"ana-filmi-odul-kazandi","status":"publish","type":"post","link":"https:\/\/archive.sana.sy\/tr\/?p=89107","title":{"rendered":"Ana Filmi \u00d6d\u00fcl Kazand\u0131"},"content":{"rendered":"<p>\u015eAM \u2013 Suriye yap\u0131m\u0131 \u2018ANA\u2019 filmi, Demokratik Kore\u2019de d\u00fczenlenen Uluslararas\u0131 Pyongyang Sinema Festivalinin tahkim heyeti \u00f6d\u00fcl\u00fcn\u00fc kazand\u0131.<\/p>\n<p>Suriye Kamu Sinema Kurumunun yap\u0131m\u0131 ve Basil el Hatib\u2019in y\u00f6netmenli\u011fini yapt\u0131\u011f\u0131 uzun roman filminin \u00f6d\u00fcl\u00fcn\u00fc Suriye B\u00fcy\u00fckel\u00e7ili\u011finden bir heyet teslim ald\u0131.<\/p>\n<p>Film 2013 y\u0131l\u0131nda Suriyeli bir annenin hikayesi ve sava\u015f\u0131n basit bir ailenin hayat\u0131n\u0131 nas\u0131l alt\u00fcst etti\u011fine \u0131\u015f\u0131k tutuyor.<\/p>\n","protected":false},"excerpt":{"rendered":"<p>\u015eAM \u2013 Suriye yap\u0131m\u0131 \u2018ANA\u2019 filmi, Demokratik Kore\u2019de d\u00fczenlenen Uluslararas\u0131 Pyongyang Sinema Festivalinin tahkim heyeti \u00f6d\u00fcl\u00fcn\u00fc kazand\u0131. Suriye Kamu Sinema Kurumunun yap\u0131m\u0131 ve Basil el Hatib\u2019in y\u00f6netmenli\u011fini yapt\u0131\u011f\u0131 uzun roman filminin \u00f6d\u00fcl\u00fcn\u00fc Suriye B\u00fcy\u00fckel\u00e7ili\u011finden bir heyet teslim ald\u0131. Film 2013 y\u0131l\u0131nda Suriyeli bir annenin hikayesi ve sava\u015f\u0131n basit bir ailenin hayat\u0131n\u0131 nas\u0131l alt\u00fcst etti\u011fine \u0131\u015f\u0131k &hellip;<\/p>\n","protected":false},"author":1,"featured_media":89110,"comment_status":"closed","ping_status":"closed","sticky":false,"template":"","format":"standard","meta":{"footnotes":""},"categories":[479,516,511,17988,478],"tags":[24176],"class_list":["post-89107","post","type-post","status-publish","format-standard","has-post-thumbnail","","category-haberler-yerel","category-haberler-kultur-ve-sanat","category-kultur-ve-sanat","category-son-haberler","category-yerel","tag-ana-filmi-odul-kazandi"],"_links":{"self":[{"href":"https:\/\/archive.sana.sy\/tr\/index.php?rest_route=\/wp\/v2\/posts\/89107","targetHints":{"allow":["GET"]}}],"collection":[{"href":"https:\/\/archive.sana.sy\/tr\/index.php?rest_route=\/wp\/v2\/posts"}],"about":[{"href":"https:\/\/archive.sana.sy\/tr\/index.php?rest_route=\/wp\/v2\/types\/post"}],"author":[{"embeddable":true,"href":"https:\/\/archive.sana.sy\/tr\/index.php?rest_route=\/wp\/v2\/users\/1"}],"replies":[{"embeddable":true,"href":"https:\/\/archive.sana.sy\/tr\/index.php?rest_route=%2Fwp%2Fv2%2Fcomments&post=89107"}],"version-history":[{"count":0,"href":"https:\/\/archive.sana.sy\/tr\/index.php?rest_route=\/wp\/v2\/posts\/89107\/revisions"}],"wp:featuredmedia":[{"embeddable":true,"href":"https:\/\/archive.sana.sy\/tr\/index.php?rest_route=\/wp\/v2\/media\/89110"}],"wp:attachment":[{"href":"https:\/\/archive.sana.sy\/tr\/index.php?rest_route=%2Fwp%2Fv2%2Fmedia&parent=89107"}],"wp:term":[{"taxonomy":"category","embeddable":true,"href":"https:\/\/archive.sana.sy\/tr\/index.php?rest_route=%2Fwp%2Fv2%2Fcategories&post=89107"},{"taxonomy":"post_tag","embeddable":true,"href":"https:\/\/archive.sana.sy\/tr\/index.php?rest_route=%2Fwp%2Fv2%2Ftags&post=89107"}],"curies":[{"name":"wp","href":"https:\/\/api.w.org\/{rel}","templated":true}]}}