{"id":89118,"date":"2016-09-25T10:09:46","date_gmt":"2016-09-25T07:09:46","guid":{"rendered":"http:\/\/www.sana.sy\/tr\/?p=89118"},"modified":"2016-09-25T13:13:46","modified_gmt":"2016-09-25T10:13:46","slug":"urdunlu-unlu-arastirmaci-yazar-nahid-hatere-baskent-ammanda-adiye-sarayi-onunde-suikast-duzenlendi-radikal-islama-karsi-tutumlariyla-bilinen-hater-sabah-saatlerinde-adliye","status":"publish","type":"post","link":"https:\/\/archive.sana.sy\/tr\/?p=89118","title":{"rendered":"\u00dcrd\u00fcnl\u00fc \u00fcnl\u00fc ara\u015ft\u0131rmac\u0131 yazar Nahid Hater\u2019e ba\u015fkent Amman\u2019da Adiye Saray\u0131 \u00f6n\u00fcnde suikast d\u00fczenlendi. Radikal \u0130slam\u2019a kar\u015f\u0131 tutumlar\u0131yla bilinen Hater; sabah saatlerinde Adliye Saray\u0131na girerken kendisine a\u00e7\u0131lan ate\u015f sonucunda ya\u015fam\u0131n\u0131 yitirdi"},"content":{"rendered":"<p>\u00dcrd\u00fcnl\u00fc \u00fcnl\u00fc ara\u015ft\u0131rmac\u0131 yazar Nahid Hater\u2019e ba\u015fkent Amman\u2019da Adiye Saray\u0131 \u00f6n\u00fcnde suikast d\u00fczenlendi. Radikal \u0130slam\u2019a kar\u015f\u0131 tutumlar\u0131yla bilinen Hater; sabah saatlerinde Adliye Saray\u0131na girerken kendisine a\u00e7\u0131lan ate\u015f sonucunda ya\u015fam\u0131n\u0131 yitirdi<\/p>\n","protected":false},"excerpt":{"rendered":"<p>\u00dcrd\u00fcnl\u00fc \u00fcnl\u00fc ara\u015ft\u0131rmac\u0131 yazar Nahid Hater\u2019e ba\u015fkent Amman\u2019da Adiye Saray\u0131 \u00f6n\u00fcnde suikast d\u00fczenlendi. Radikal \u0130slam\u2019a kar\u015f\u0131 tutumlar\u0131yla bilinen Hater; sabah saatlerinde Adliye Saray\u0131na girerken kendisine a\u00e7\u0131lan ate\u015f sonucunda ya\u015fam\u0131n\u0131 yitirdi<\/p>\n","protected":false},"author":1,"featured_media":0,"comment_status":"closed","ping_status":"closed","sticky":false,"template":"","format":"standard","meta":{"footnotes":""},"categories":[17991],"tags":[],"class_list":["post-89118","post","type-post","status-publish","format-standard","","category-son-dakika"],"_links":{"self":[{"href":"https:\/\/archive.sana.sy\/tr\/index.php?rest_route=\/wp\/v2\/posts\/89118","targetHints":{"allow":["GET"]}}],"collection":[{"href":"https:\/\/archive.sana.sy\/tr\/index.php?rest_route=\/wp\/v2\/posts"}],"about":[{"href":"https:\/\/archive.sana.sy\/tr\/index.php?rest_route=\/wp\/v2\/types\/post"}],"author":[{"embeddable":true,"href":"https:\/\/archive.sana.sy\/tr\/index.php?rest_route=\/wp\/v2\/users\/1"}],"replies":[{"embeddable":true,"href":"https:\/\/archive.sana.sy\/tr\/index.php?rest_route=%2Fwp%2Fv2%2Fcomments&post=89118"}],"version-history":[{"count":0,"href":"https:\/\/archive.sana.sy\/tr\/index.php?rest_route=\/wp\/v2\/posts\/89118\/revisions"}],"wp:attachment":[{"href":"https:\/\/archive.sana.sy\/tr\/index.php?rest_route=%2Fwp%2Fv2%2Fmedia&parent=89118"}],"wp:term":[{"taxonomy":"category","embeddable":true,"href":"https:\/\/archive.sana.sy\/tr\/index.php?rest_route=%2Fwp%2Fv2%2Fcategories&post=89118"},{"taxonomy":"post_tag","embeddable":true,"href":"https:\/\/archive.sana.sy\/tr\/index.php?rest_route=%2Fwp%2Fv2%2Ftags&post=89118"}],"curies":[{"name":"wp","href":"https:\/\/api.w.org\/{rel}","templated":true}]}}