{"id":89123,"date":"2016-09-25T09:20:15","date_gmt":"2016-09-25T06:20:15","guid":{"rendered":"http:\/\/www.sana.sy\/tr\/?p=89123"},"modified":"2016-09-25T14:29:05","modified_gmt":"2016-09-25T11:29:05","slug":"askeri-kaynak-ordu-birliklerimizin-suveyda-kirsalinin-dogusu-saaf-koyunun-dogusuna-dusen-mesbak-el-vidyan-bolgesinde-isidin-bir-yakit-tankerini-imha-ettiklerini-soyledi-2","status":"publish","type":"post","link":"https:\/\/archive.sana.sy\/tr\/?p=89123","title":{"rendered":"Askeri kaynak; ordu birliklerimizin S\u00fcveyda k\u0131rsal\u0131n\u0131n do\u011fusu \u015eaaf K\u00f6y\u00fcn\u00fcn do\u011fusuna d\u00fc\u015fen Me\u015fbak el Vidyan B\u00f6lgesinde I\u015e\u0130D\u2019in bir yak\u0131t tankerini imha ettiklerini s\u00f6yledi."},"content":{"rendered":"<p>Askeri kaynak; ordu birliklerimizin S\u00fcveyda k\u0131rsal\u0131n\u0131n do\u011fusu \u015eaaf K\u00f6y\u00fcn\u00fcn do\u011fusuna d\u00fc\u015fen Me\u015fbak el Vidyan B\u00f6lgesinde I\u015e\u0130D\u2019in bir yak\u0131t tankerini imha ettiklerini s\u00f6yledi.<\/p>\n","protected":false},"excerpt":{"rendered":"<p>Askeri kaynak; ordu birliklerimizin S\u00fcveyda k\u0131rsal\u0131n\u0131n do\u011fusu \u015eaaf K\u00f6y\u00fcn\u00fcn do\u011fusuna d\u00fc\u015fen Me\u015fbak el Vidyan B\u00f6lgesinde I\u015e\u0130D\u2019in bir yak\u0131t tankerini imha ettiklerini s\u00f6yledi.<\/p>\n","protected":false},"author":1,"featured_media":0,"comment_status":"closed","ping_status":"closed","sticky":false,"template":"","format":"standard","meta":{"footnotes":""},"categories":[17991],"tags":[],"class_list":["post-89123","post","type-post","status-publish","format-standard","","category-son-dakika"],"_links":{"self":[{"href":"https:\/\/archive.sana.sy\/tr\/index.php?rest_route=\/wp\/v2\/posts\/89123","targetHints":{"allow":["GET"]}}],"collection":[{"href":"https:\/\/archive.sana.sy\/tr\/index.php?rest_route=\/wp\/v2\/posts"}],"about":[{"href":"https:\/\/archive.sana.sy\/tr\/index.php?rest_route=\/wp\/v2\/types\/post"}],"author":[{"embeddable":true,"href":"https:\/\/archive.sana.sy\/tr\/index.php?rest_route=\/wp\/v2\/users\/1"}],"replies":[{"embeddable":true,"href":"https:\/\/archive.sana.sy\/tr\/index.php?rest_route=%2Fwp%2Fv2%2Fcomments&post=89123"}],"version-history":[{"count":0,"href":"https:\/\/archive.sana.sy\/tr\/index.php?rest_route=\/wp\/v2\/posts\/89123\/revisions"}],"wp:attachment":[{"href":"https:\/\/archive.sana.sy\/tr\/index.php?rest_route=%2Fwp%2Fv2%2Fmedia&parent=89123"}],"wp:term":[{"taxonomy":"category","embeddable":true,"href":"https:\/\/archive.sana.sy\/tr\/index.php?rest_route=%2Fwp%2Fv2%2Fcategories&post=89123"},{"taxonomy":"post_tag","embeddable":true,"href":"https:\/\/archive.sana.sy\/tr\/index.php?rest_route=%2Fwp%2Fv2%2Ftags&post=89123"}],"curies":[{"name":"wp","href":"https:\/\/api.w.org\/{rel}","templated":true}]}}