{"id":89141,"date":"2016-09-25T15:35:26","date_gmt":"2016-09-25T12:35:26","guid":{"rendered":"http:\/\/www.sana.sy\/tr\/?p=89141"},"modified":"2016-09-26T13:47:39","modified_gmt":"2016-09-26T10:47:39","slug":"komuta-karargahlari-ve-araclariyla-birlikte-imha-ediliyorlar-2","status":"publish","type":"post","link":"https:\/\/archive.sana.sy\/tr\/?p=89141","title":{"rendered":"Komuta Karargahlar\u0131 ve Ara\u00e7lar\u0131yla Birlikte \u0130mha Ediliyorlar"},"content":{"rendered":"<p>\u0130LLER \u2013 Vatan koruyucular\u0131m\u0131z Suriye ve halk\u0131n\u0131 s\u00f6m\u00fcr\u00fcc\u00fc, despot ve hegemonyac\u0131 kimi devletlerin edat olarak kulland\u0131klar\u0131 ter\u00f6re kar\u015f\u0131 sava\u015f\u0131n\u0131 azimle s\u00fcrd\u00fcr\u00fcrlerken bug\u00fcn muhtelif b\u00f6lgelerde onlar\u0131 yine ciddi kay\u0131plara u\u011fratt\u0131.<\/p>\n<p><span style=\"color: #0000ff\">DERA<\/span>:<\/p>\n<p>Askeri kaynak; ordu birliklerimizin Dera Mahatta\u2019n\u0131n Busra Meydan\u0131 g\u00fcneyinde g\u00f6zetleme, siperlenme ve barikat kurmaya \u00e7al\u0131\u015fan bir ter\u00f6r grubunun t\u00fcm \u00fcyelerini \u00f6l\u00fc ve yaral\u0131 d\u00fc\u015f\u00fcrmelerine e\u015f zamanl\u0131 olarak Tullabiye Meydan\u0131 ve yol kesi\u015fiminde tekfircileri say\u0131 ve te\u00e7hizatlar\u0131yla birlikte a\u011f\u0131r kay\u0131plara u\u011fratt\u0131klar\u0131n\u0131 belirtti.<\/p>\n<p>Dera Beled\u2019te de ordu birliklerimizin ter\u00f6ristlere ait iki komuta karargah\u0131n\u0131 tamamen imha ettiklerini aktaran kaynak; buralarda da \u00e7ok say\u0131da ter\u00f6risti \u00f6l\u00fc ve yaral\u0131 d\u00fc\u015f\u00fcrd\u00fcklerini s\u00f6yledi.<\/p>\n<p><span style=\"color: #0000ff\">S\u00dcVEYDA:<\/span><\/p>\n<p>\u00d6te yandan askeri kaynak; ordu birliklerimizin S\u00fcveyda k\u0131rsal\u0131n\u0131n do\u011fusu \u015eaaf K\u00f6y\u00fcn\u00fcn do\u011fusuna d\u00fc\u015fen Me\u015fbak el Vidyan B\u00f6lgesinde I\u015e\u0130D\u2019in bir yak\u0131t tankerini imha ettiklerini s\u00f6yledi.<\/p>\n<p><span style=\"color: #0000ff\">KUNAYTRA<\/span>:<\/p>\n<p>Kunaytra\u2019da \u0130srail\u2019den destek alan Nusra Cephesi ve m\u00fcttefikleri di\u011fer ter\u00f6r \u00f6rg\u00fctlere kar\u015f\u0131 operasyonlar konusunda askeri kaynak ordu birliklerimizin, il k\u0131rsal\u0131n\u0131n Hmeydiye Beldesinde bir k\u0131sm\u0131 a\u011f\u0131r silahlarla donat\u0131lm\u0131\u015f, bir k\u0131sm\u0131 da z\u0131rhl\u0131 olan bir\u00e7ok arac\u0131 ter\u00f6rist ekipleriyle birlikte imha ettiklerini kaydetti.<\/p>\n<p>Kaynak ter\u00f6r mevkilerinin dakik bir \u015fekilde ate\u015fe tutulmalar\u0131yla aralar\u0131nda az\u0131l\u0131 ter\u00f6ristlerin bulundu\u011fu en az 15 ter\u00f6ristin \u00f6ld\u00fc\u011f\u00fcn\u00fc s\u00f6yledi.<\/p>\n<p>R.M.<\/p>\n","protected":false},"excerpt":{"rendered":"<p>\u0130LLER \u2013 Vatan koruyucular\u0131m\u0131z Suriye ve halk\u0131n\u0131 s\u00f6m\u00fcr\u00fcc\u00fc, despot ve hegemonyac\u0131 kimi devletlerin edat olarak kulland\u0131klar\u0131 ter\u00f6re kar\u015f\u0131 sava\u015f\u0131n\u0131 azimle s\u00fcrd\u00fcr\u00fcrlerken bug\u00fcn muhtelif b\u00f6lgelerde onlar\u0131 yine ciddi kay\u0131plara u\u011fratt\u0131. DERA: Askeri kaynak; ordu birliklerimizin Dera Mahatta\u2019n\u0131n Busra Meydan\u0131 g\u00fcneyinde g\u00f6zetleme, siperlenme ve barikat kurmaya \u00e7al\u0131\u015fan bir ter\u00f6r grubunun t\u00fcm \u00fcyelerini \u00f6l\u00fc ve yaral\u0131 d\u00fc\u015f\u00fcrmelerine e\u015f &hellip;<\/p>\n","protected":false},"author":1,"featured_media":89147,"comment_status":"closed","ping_status":"closed","sticky":false,"template":"","format":"standard","meta":{"footnotes":""},"categories":[575,17988],"tags":[10949,3464,24183,24185,24186,22041,24184,3564,18723,11549,19174,22182],"class_list":["post-89141","post","type-post","status-publish","format-standard","has-post-thumbnail","","category-olaylar-ve-gercekler","category-son-haberler","tag-homs-kolordusu-ve-faruk-taburlari-adlariyla-bilinen-teror-olusumlara-tabi-cok-sayida-teroristi-olu-ve-yarali-dusurdu-kunaytra-kirsalinda-onlarca-terorist-olduruldu-bu-arada","tag-nusra-cephesi","tag-cihatoilar","tag-dera-mahatta","tag-despot-ve-hegemonyacilar","tag-israilden-destek-alan-nusra-cephesi","tag-ilimli-muhaliflar","tag-kunaytra","tag-muhalifler","tag-suriye-ordusu","tag-suriyede-son-durumlar","tag-suriyede-savas"],"_links":{"self":[{"href":"https:\/\/archive.sana.sy\/tr\/index.php?rest_route=\/wp\/v2\/posts\/89141","targetHints":{"allow":["GET"]}}],"collection":[{"href":"https:\/\/archive.sana.sy\/tr\/index.php?rest_route=\/wp\/v2\/posts"}],"about":[{"href":"https:\/\/archive.sana.sy\/tr\/index.php?rest_route=\/wp\/v2\/types\/post"}],"author":[{"embeddable":true,"href":"https:\/\/archive.sana.sy\/tr\/index.php?rest_route=\/wp\/v2\/users\/1"}],"replies":[{"embeddable":true,"href":"https:\/\/archive.sana.sy\/tr\/index.php?rest_route=%2Fwp%2Fv2%2Fcomments&post=89141"}],"version-history":[{"count":0,"href":"https:\/\/archive.sana.sy\/tr\/index.php?rest_route=\/wp\/v2\/posts\/89141\/revisions"}],"wp:featuredmedia":[{"embeddable":true,"href":"https:\/\/archive.sana.sy\/tr\/index.php?rest_route=\/wp\/v2\/media\/89147"}],"wp:attachment":[{"href":"https:\/\/archive.sana.sy\/tr\/index.php?rest_route=%2Fwp%2Fv2%2Fmedia&parent=89141"}],"wp:term":[{"taxonomy":"category","embeddable":true,"href":"https:\/\/archive.sana.sy\/tr\/index.php?rest_route=%2Fwp%2Fv2%2Fcategories&post=89141"},{"taxonomy":"post_tag","embeddable":true,"href":"https:\/\/archive.sana.sy\/tr\/index.php?rest_route=%2Fwp%2Fv2%2Ftags&post=89141"}],"curies":[{"name":"wp","href":"https:\/\/api.w.org\/{rel}","templated":true}]}}