{"id":8927,"date":"2014-09-03T12:55:00","date_gmt":"2014-09-03T09:55:00","guid":{"rendered":"http:\/\/www.sana.sy\/tr\/?p=8927"},"modified":"2014-09-04T13:30:43","modified_gmt":"2014-09-04T10:30:43","slug":"yolcu-tasima-aracina-teror-saldirisi-5-sehit-9-yarali","status":"publish","type":"post","link":"https:\/\/archive.sana.sy\/tr\/?p=8927","title":{"rendered":"S\u00fcveyda ve Deyrezzor K\u0131rsallar\u0131nda Yolculara Sald\u0131r\u0131larda 20 \u015eehit"},"content":{"rendered":"<p>\u0130LLER \u2013 S\u00fcveyda ilinin Dera ili ile il s\u0131n\u0131r\u0131na yak\u0131n Dama\/Ureyka karayolunda bir yolcu otob\u00fcs\u00fcne\u00a0d\u00fczenlenen ter\u00f6r sald\u0131r\u0131s\u0131nda 5 vatanda\u015f \u015fehit d\u00fc\u015ft\u00fc 9 vatanda\u015f da yaraland\u0131.<\/p>\n<p><a href=\"http:\/\/www.sana.sy\/tr\/wp-content\/uploads\/2014\/09\/S\u00fcveyda-2.jpg\"><img loading=\"lazy\" decoding=\"async\" class=\"alignright wp-image-8969 size-medium\" src=\"http:\/\/www.sana.sy\/tr\/wp-content\/uploads\/2014\/09\/S\u00fcveyda-2-300x191.jpg\" alt=\"S\u00fcveyda 2\" width=\"300\" height=\"191\" srcset=\"https:\/\/archive.sana.sy\/tr\/wp-content\/uploads\/2014\/09\/S\u00fcveyda-2-300x191.jpg 300w, https:\/\/archive.sana.sy\/tr\/wp-content\/uploads\/2014\/09\/S\u00fcveyda-2-150x95.jpg 150w, https:\/\/archive.sana.sy\/tr\/wp-content\/uploads\/2014\/09\/S\u00fcveyda-2.jpg 800w\" sizes=\"auto, (max-width: 300px) 100vw, 300px\" \/><\/a>S\u00fcveyda \u0130l Emniyet M\u00fcd\u00fcrl\u00fc\u011f\u00fcnde bir kaynak SANA muhabirine a\u00e7\u0131klamas\u0131nda, otob\u00fcs\u00fcn\u00a0S\u00fcveyda bat\u0131 k\u0131rsal\u0131 Harran K\u00f6y\u00fcnden \u015eam istikametinde seyir eden yolcu otob\u00fcs\u00fcn\u00fcn ge\u00e7i\u015fi s\u0131ras\u0131nda ter\u00f6ristlerin yol kenar\u0131na yerle\u015ftirdikleri biri 10 di\u011feri 20 kg a\u011f\u0131rl\u0131\u011f\u0131nda 2 bomba d\u00fczene\u011fini havaya u\u00e7urduklar\u0131n\u0131 belirtti. Kaynak hain ter\u00f6r sald\u0131r\u0131s\u0131nda 5 vatanda\u015f\u0131n \u015fehit, 9 vatanda\u015f\u0131n da yaral\u0131 d\u00fc\u015ft\u00fcklerini, yaral\u0131lar\u0131n ise tedavi edilmek \u00fczere S\u00fcveyda Devlet Hastanesine kald\u0131r\u0131ld\u0131klar\u0131n\u0131 aktard\u0131.<\/p>\n<p>Hat\u0131rlanaca\u011f\u0131 \u00fczere 14 A\u011fustos tarihinde de Dama K\u00f6y\u00fcnde bir yolcu ta\u015f\u0131ma arac\u0131 ter\u00f6r sald\u0131r\u0131s\u0131na maruz kalm\u0131\u015f, biri kad\u0131n 5 ki\u015fi yaralanm\u0131\u015ft\u0131.<\/p>\n<p><span style=\"color: #0000ff\"><a href=\"http:\/\/www.sana.sy\/tr\/wp-content\/uploads\/2014\/09\/deyrezzor.jpg\"><img loading=\"lazy\" decoding=\"async\" class=\"alignright wp-image-9088 size-medium\" src=\"http:\/\/www.sana.sy\/tr\/wp-content\/uploads\/2014\/09\/deyrezzor-300x159.jpg\" alt=\"deyrezzor\" width=\"300\" height=\"159\" srcset=\"https:\/\/archive.sana.sy\/tr\/wp-content\/uploads\/2014\/09\/deyrezzor-300x160.jpg 300w, https:\/\/archive.sana.sy\/tr\/wp-content\/uploads\/2014\/09\/deyrezzor-150x79.jpg 150w, https:\/\/archive.sana.sy\/tr\/wp-content\/uploads\/2014\/09\/deyrezzor.jpg 620w\" sizes=\"auto, (max-width: 300px) 100vw, 300px\" \/><\/a>Deyrezzor K\u0131rsal\u0131nda da Yolculara Sald\u0131rd\u0131lar<\/span><\/p>\n<p>Deyrezzor Valili\u011finde yetkili bir kaynak Irak ve \u015eam Devleti I\u015e\u0130D olarak bilinen tekfirci ter\u00f6ristlerin ilin do\u011fu k\u0131rsal\u0131na d\u00fc\u015fen el \u015euvla B\u00f6lgesinde bir yolcu minib\u00fcs\u00fcn\u00fcn yolunu kesip katliam i\u015flediklerini belirtti.<\/p>\n<p>Kaynak tekfirci ter\u00f6r \u00e7etelerinin katliamlar\u0131nda Ebu Hmam ve Tayyana k\u00f6ylerinden geneli \u00e7ocuk ve kad\u0131nlardan olu\u015fan 15 masum sivil vatanda\u015f\u0131 \u015fehit ettiklerini belirtti.<\/p>\n<p><span style=\"color: #0000ff\">\u015eeyh Hecri Korkak Ter\u00f6r Sald\u0131r\u0131s\u0131n\u0131 \u015eiddetle K\u0131nad\u0131<\/span><br \/>\n<a href=\"http:\/\/www.sana.sy\/tr\/wp-content\/uploads\/2014\/09\/Hikmet-el-Hecri.jpg\"><img loading=\"lazy\" decoding=\"async\" class=\"alignright wp-image-8968 size-medium\" src=\"http:\/\/www.sana.sy\/tr\/wp-content\/uploads\/2014\/09\/Hikmet-el-Hecri-300x159.jpg\" alt=\"Hikmet el Hecri\" width=\"300\" height=\"159\" srcset=\"https:\/\/archive.sana.sy\/tr\/wp-content\/uploads\/2014\/09\/Hikmet-el-Hecri-300x160.jpg 300w, https:\/\/archive.sana.sy\/tr\/wp-content\/uploads\/2014\/09\/Hikmet-el-Hecri-150x79.jpg 150w, https:\/\/archive.sana.sy\/tr\/wp-content\/uploads\/2014\/09\/Hikmet-el-Hecri.jpg 620w\" sizes=\"auto, (max-width: 300px) 100vw, 300px\" \/><\/a>Bu arada, Suriye\u2019de M\u00fcsl\u00fcman Muvahhidin Taifesinin Ak\u0131l \u015eeyhi Hikmet el Hecri, s\u00f6z konusu sald\u0131r\u0131n\u0131n kan d\u00f6kme, \u00f6ld\u00fcrme ve katliam mant\u0131\u011f\u0131ndan\u00a0ba\u015fka bir \u015fey tan\u0131mayan ter\u00f6r ve vahhabi ideoloji kimli\u011fini kan\u0131tlad\u0131\u011f\u0131n\u0131\u00a0belirtti.<\/p>\n<p>\u015eeyh Hecri SANA muhabirine a\u00e7\u0131klamas\u0131nda, vatanda\u015flar\u0131n hedef al\u0131nmas\u0131n\u0131n b\u00fct\u00fcn semavi \u00f6rf ve h\u00fck\u00fcmlerce k\u0131nand\u0131\u011f\u0131na dikkat \u00e7ekerek\u00a0kabul edilemez oldu\u011funa i\u015faret etti.<\/p>\n<p>\u015eeyh Hecri, bu al\u00e7ak eylemlerin, Suriye\u2019nin g\u00fcven ve istikrar\u0131n\u0131 her vesileyle hedef almaya ve toplumun muhtelif bile\u015fenleri aras\u0131ndaki ulusal birlikteli\u011fi ve sosyal dokuyu bozmaya \u00e7al\u0131\u015fan, vatan d\u00fc\u015fmanlar\u0131n\u0131n \u00e7\u0131kar\u0131na akmaktan ba\u015fka bir i\u015fe yaramad\u0131\u011f\u0131n\u0131 dile getirdi.<\/p>\n<p>\u015eey Hecri,vatan ve dine mensup olamayan karanl\u0131k ter\u00f6ristlerin uygulad\u0131\u011f\u0131 s\u00f6z konusu sald\u0131r\u0131n\u0131n Suriye hakl\u0131 ve kahraman ordusunun azimetini k\u0131ramayaca\u011f\u0131n\u0131 bilakis ter\u00f6r\u00fcn k\u00f6k\u00fcn\u00fc kaz\u0131ma azmini artt\u0131raca\u011f\u0131n\u0131 ifade etti.<\/p>\n","protected":false},"excerpt":{"rendered":"<p>\u0130LLER \u2013 S\u00fcveyda ilinin Dera ili ile il s\u0131n\u0131r\u0131na yak\u0131n Dama\/Ureyka karayolunda bir yolcu otob\u00fcs\u00fcne\u00a0d\u00fczenlenen ter\u00f6r sald\u0131r\u0131s\u0131nda 5 vatanda\u015f \u015fehit d\u00fc\u015ft\u00fc 9 vatanda\u015f da yaraland\u0131. S\u00fcveyda \u0130l Emniyet M\u00fcd\u00fcrl\u00fc\u011f\u00fcnde bir kaynak SANA muhabirine a\u00e7\u0131klamas\u0131nda, otob\u00fcs\u00fcn\u00a0S\u00fcveyda bat\u0131 k\u0131rsal\u0131 Harran K\u00f6y\u00fcnden \u015eam istikametinde seyir eden yolcu otob\u00fcs\u00fcn\u00fcn ge\u00e7i\u015fi s\u0131ras\u0131nda ter\u00f6ristlerin yol kenar\u0131na yerle\u015ftirdikleri biri 10 di\u011feri 20 &hellip;<\/p>\n","protected":false},"author":1,"featured_media":8970,"comment_status":"closed","ping_status":"closed","sticky":false,"template":"","format":"standard","meta":{"footnotes":""},"categories":[575],"tags":[2025,2009],"class_list":["post-8927","post","type-post","status-publish","format-standard","has-post-thumbnail","","category-olaylar-ve-gercekler","tag-suveyda-ve-deyrezzor-kirsallarinda-yolculara-saldirilarda-20-sehit","tag-yolcu-tasima-aracina-teror-saldirisi-5-sehit-9-yarali"],"_links":{"self":[{"href":"https:\/\/archive.sana.sy\/tr\/index.php?rest_route=\/wp\/v2\/posts\/8927","targetHints":{"allow":["GET"]}}],"collection":[{"href":"https:\/\/archive.sana.sy\/tr\/index.php?rest_route=\/wp\/v2\/posts"}],"about":[{"href":"https:\/\/archive.sana.sy\/tr\/index.php?rest_route=\/wp\/v2\/types\/post"}],"author":[{"embeddable":true,"href":"https:\/\/archive.sana.sy\/tr\/index.php?rest_route=\/wp\/v2\/users\/1"}],"replies":[{"embeddable":true,"href":"https:\/\/archive.sana.sy\/tr\/index.php?rest_route=%2Fwp%2Fv2%2Fcomments&post=8927"}],"version-history":[{"count":0,"href":"https:\/\/archive.sana.sy\/tr\/index.php?rest_route=\/wp\/v2\/posts\/8927\/revisions"}],"wp:featuredmedia":[{"embeddable":true,"href":"https:\/\/archive.sana.sy\/tr\/index.php?rest_route=\/wp\/v2\/media\/8970"}],"wp:attachment":[{"href":"https:\/\/archive.sana.sy\/tr\/index.php?rest_route=%2Fwp%2Fv2%2Fmedia&parent=8927"}],"wp:term":[{"taxonomy":"category","embeddable":true,"href":"https:\/\/archive.sana.sy\/tr\/index.php?rest_route=%2Fwp%2Fv2%2Fcategories&post=8927"},{"taxonomy":"post_tag","embeddable":true,"href":"https:\/\/archive.sana.sy\/tr\/index.php?rest_route=%2Fwp%2Fv2%2Ftags&post=8927"}],"curies":[{"name":"wp","href":"https:\/\/api.w.org\/{rel}","templated":true}]}}