{"id":89295,"date":"2016-09-26T12:21:53","date_gmt":"2016-09-26T09:21:53","guid":{"rendered":"http:\/\/www.sana.sy\/tr\/?p=89295"},"modified":"2016-09-27T15:19:36","modified_gmt":"2016-09-27T12:19:36","slug":"ilimli-muhalifler-adini-verilen-ceteler-yine-sivillere-saldirdi","status":"publish","type":"post","link":"https:\/\/archive.sana.sy\/tr\/?p=89295","title":{"rendered":"\u2018Il\u0131ml\u0131 Muhalifler\u2019 Ad\u0131n\u0131 Verilen \u00c7eteler Yine Sivillere Sald\u0131rd\u0131"},"content":{"rendered":"<p>\u0130LLER \u2013 Kimi devletlerin Suriye&#8217;de \u00e7okuluslu ter\u00f6re desteklerine \u00f6rt\u00fc temin etmek i\u00e7in \u2018\u0131l\u0131ml\u0131 muhalifler\u2019 ad\u0131n\u0131 vermeye \u0131srar ettikleri ter\u00f6ristler bug\u00fcn de sivillere sald\u0131r\u0131lar\u0131n\u0131 s\u00fcrd\u00fcrerek masum vatanda\u015flar\u0131n kurban gitmelerine yol a\u00e7t\u0131.<\/p>\n<p><span style=\"color: #0000ff\">HAMA:<\/span><\/p>\n<p>Nusra Cephesine tabi radikal silahl\u0131 ter\u00f6r gruplar\u0131n\u0131n halk\u0131 hedef alan sald\u0131r\u0131lar\u0131 kapsam\u0131nda Hama \u0130line tabi Selemiye B\u00f6lgesinin k\u0131rsal\u0131 Beyt Ziydan mezralar\u0131nda \u00e7obanlara makineli silahlarla ate\u015f a\u00e7t\u0131.<\/p>\n<p>Yerel kaynaklar SANA muhabirine a\u00e7\u0131klamalar\u0131nda; radikal ter\u00f6ristlerin 2 vatanda\u015f\u0131m\u0131z\u0131 \u015fehit, 1 vatanda\u015f\u0131m\u0131z\u0131 da yaral\u0131 d\u00fc\u015f\u00fcrmeleri ard\u0131ndan Nusra Cephesi \u00e7etelerinin siperlendikleri Sathiyat B\u00f6lgesine \u00e7ekildiklerini aktard\u0131.<\/p>\n<p><span style=\"color: #0000ff\">\u0130DL\u0130B:<\/span><\/p>\n<p>\u0130dlib k\u0131rsal\u0131n\u0131n kuzeyinde \u2018Cey\u015ful Fetih\u2019 adl\u0131 \u00e7okuluslu ter\u00f6ristlerin \u00fc\u00e7 y\u0131ldan fazla s\u00fcredir ter\u00f6r \u00e7emberine al\u0131p her t\u00fcrl\u00fc g\u0131da ve t\u0131bbi yard\u0131m\u0131 engelledikleri Kefrayya beldesinde yerel kaynaklar ise SANA ile telefon ba\u011flant\u0131s\u0131nda keskin ni\u015fan\u0131 ter\u00f6ristlerin a\u00e7t\u0131klar\u0131 ate\u015f sonucunda bir gencin yaraland\u0131\u011f\u0131n\u0131 aktard\u0131.<\/p>\n<p><span style=\"color: #0000ff\">KUNAYTRA:<\/span><\/p>\n<p>Bu arada Kunaytra Emniyet M\u00fcd\u00fcrl\u00fc\u011f\u00fcnde bir kaynak; \u0130srail\u2019e tabi ter\u00f6ristlerin Hadar Beldesini 5 roketle hedef ald\u0131klar\u0131n\u0131 kaydetti.<\/p>\n<p>Kaynak ter\u00f6r sald\u0131r\u0131lar\u0131nda \u015fans eseri be\u015feri isabetlerin olmad\u0131\u011f\u0131n\u0131, fakat vatanda\u015flar\u0131n evlerinde ciddi hasar\u0131n meydana geldi\u011fine dikkat \u00e7ekti.<\/p>\n<p>SANA\u2019ya a\u00e7\u0131klama yapan kaynak, \u0130srail\u2019den destek alan Nusra Cephesi ter\u00f6ristlerinin \u00f6\u011fleden sonra saatlerinde Kunaytra k\u0131rsal\u0131 Hadar Beldesine tekrarlanan top ve roket sald\u0131r\u0131lar\u0131nda bir adam ve \u00e7ocu\u011funun \u015fehit d\u00fc\u015ft\u00fcklerini, anne ve k\u0131z \u00e7ocu\u011funun ise yaraland\u0131klar\u0131n\u0131 aktard\u0131.<\/p>\n","protected":false},"excerpt":{"rendered":"<p>\u0130LLER \u2013 Kimi devletlerin Suriye&#8217;de \u00e7okuluslu ter\u00f6re desteklerine \u00f6rt\u00fc temin etmek i\u00e7in \u2018\u0131l\u0131ml\u0131 muhalifler\u2019 ad\u0131n\u0131 vermeye \u0131srar ettikleri ter\u00f6ristler bug\u00fcn de sivillere sald\u0131r\u0131lar\u0131n\u0131 s\u00fcrd\u00fcrerek masum vatanda\u015flar\u0131n kurban gitmelerine yol a\u00e7t\u0131. HAMA: Nusra Cephesine tabi radikal silahl\u0131 ter\u00f6r gruplar\u0131n\u0131n halk\u0131 hedef alan sald\u0131r\u0131lar\u0131 kapsam\u0131nda Hama \u0130line tabi Selemiye B\u00f6lgesinin k\u0131rsal\u0131 Beyt Ziydan mezralar\u0131nda \u00e7obanlara makineli silahlarla &hellip;<\/p>\n","protected":false},"author":1,"featured_media":89302,"comment_status":"closed","ping_status":"closed","sticky":false,"template":"","format":"standard","meta":{"footnotes":""},"categories":[479,575,17988,478],"tags":[3464,23799,18237,15787,17273,18347,18174,19043,19034],"class_list":["post-89295","post","type-post","status-publish","format-standard","has-post-thumbnail","","category-haberler-yerel","category-olaylar-ve-gercekler","category-son-haberler","category-yerel","tag-nusra-cephesi","tag-ceysul-fetih","tag-cihatcilar","tag-fetih-ordusu","tag-havan-saldirisi","tag-oso","tag-sivillere-saldiri","tag-suriyede-son-durum","tag-suriyeli-muhalifler"],"_links":{"self":[{"href":"https:\/\/archive.sana.sy\/tr\/index.php?rest_route=\/wp\/v2\/posts\/89295","targetHints":{"allow":["GET"]}}],"collection":[{"href":"https:\/\/archive.sana.sy\/tr\/index.php?rest_route=\/wp\/v2\/posts"}],"about":[{"href":"https:\/\/archive.sana.sy\/tr\/index.php?rest_route=\/wp\/v2\/types\/post"}],"author":[{"embeddable":true,"href":"https:\/\/archive.sana.sy\/tr\/index.php?rest_route=\/wp\/v2\/users\/1"}],"replies":[{"embeddable":true,"href":"https:\/\/archive.sana.sy\/tr\/index.php?rest_route=%2Fwp%2Fv2%2Fcomments&post=89295"}],"version-history":[{"count":0,"href":"https:\/\/archive.sana.sy\/tr\/index.php?rest_route=\/wp\/v2\/posts\/89295\/revisions"}],"wp:featuredmedia":[{"embeddable":true,"href":"https:\/\/archive.sana.sy\/tr\/index.php?rest_route=\/wp\/v2\/media\/89302"}],"wp:attachment":[{"href":"https:\/\/archive.sana.sy\/tr\/index.php?rest_route=%2Fwp%2Fv2%2Fmedia&parent=89295"}],"wp:term":[{"taxonomy":"category","embeddable":true,"href":"https:\/\/archive.sana.sy\/tr\/index.php?rest_route=%2Fwp%2Fv2%2Fcategories&post=89295"},{"taxonomy":"post_tag","embeddable":true,"href":"https:\/\/archive.sana.sy\/tr\/index.php?rest_route=%2Fwp%2Fv2%2Ftags&post=89295"}],"curies":[{"name":"wp","href":"https:\/\/api.w.org\/{rel}","templated":true}]}}