{"id":89304,"date":"2016-09-26T16:38:39","date_gmt":"2016-09-26T13:38:39","guid":{"rendered":"http:\/\/www.sana.sy\/tr\/?p=89304"},"modified":"2016-09-27T15:20:19","modified_gmt":"2016-09-27T12:20:19","slug":"halepte-operasyon-komutanligindan-vatandaslara-cagri","status":"publish","type":"post","link":"https:\/\/archive.sana.sy\/tr\/?p=89304","title":{"rendered":"Halep\u2019te Operasyon Komutanl\u0131\u011f\u0131ndan Vatanda\u015flara \u00c7a\u011fr\u0131"},"content":{"rendered":"<p>HALEP \u2013 Ordu birliklerimizin Halep\u2019te operasyon komutanl\u0131\u011f\u0131; silahl\u0131 ter\u00f6r gruplar\u0131n bulundu\u011fu kentin do\u011fu semtlerinde ya\u015fayan t\u00fcm sivil vatanda\u015flar\u0131 ter\u00f6ristlerin karargahlar\u0131 ve toplanma yerlerinden uzak durmalar\u0131na \u00e7a\u011f\u0131rd\u0131.<\/p>\n<p>Komutanl\u0131k bug\u00fcn yay\u0131nlad\u0131\u011f\u0131 ve SANA\u2019n\u0131n bir n\u00fcshas\u0131n\u0131 ald\u0131\u011f\u0131 beyan\u0131nda; vatanda\u015flar\u0131 ter\u00f6ristlerin karargahlar\u0131, toplanma yerleri ve hareketlenmelerinden uzak durmalar\u0131na davet etti. S\u00f6z konusu b\u00f6lgelerden \u00e7\u0131kmak isteyen istisnas\u0131z t\u00fcm sivil vatanda\u015flar\u0131 kar\u015f\u0131lama ve onlara ikamet yerine ilaveten gereksinimlerini temin etme haz\u0131rl\u0131\u011f\u0131n\u0131 bir kez daha ifade eden komutanl\u0131k; bunun vatan \u00e7izgisinden sapan ve yeniden vatan kuca\u011f\u0131na d\u00f6nmek isteyen silahl\u0131lar\u0131 da kapsad\u0131\u011f\u0131na dikkat \u00e7ekti.<\/p>\n<p>Komutanl\u0131k daha \u00f6nce yay\u0131nlad\u0131\u011f\u0131 beyanda; ordu birliklerimizin vatan topraklar\u0131n\u0131n istisnas\u0131z her kar\u0131\u015f\u0131n\u0131 ter\u00f6rden temizleme kararl\u0131l\u0131\u011f\u0131 kapsam\u0131nda Halep Kentinin do\u011fu semtlerine geni\u015f kapsaml\u0131 operasyon ba\u015flatt\u0131\u011f\u0131n\u0131 ilan etmi\u015fti. Ter\u00f6ristler taraf\u0131ndan canl\u0131 kalkan olarak kullan\u0131lan sivillerin tahliye edilmesi ve vatan kuca\u011f\u0131na d\u00f6nmek isteyen silahl\u0131lara f\u0131rsat vermeye \u00f6zen g\u00f6stermektedir.<\/p>\n<p>Halep\u2019in do\u011fu semtlerinde bulunan sivil vatanda\u015flar ve vatan kuca\u011f\u0131na d\u00f6nmek isteyenlerin g\u00fcvenli bir \u015fekilde \u00e7\u0131k\u0131\u015flar\u0131n\u0131 temin etme amac\u0131yla Halep Valili\u011fi ordu birliklerimizin deste\u011fi ile bir dizi g\u00fcvenli ge\u00e7it temin etti. Daha \u00f6nceki g\u00fcnlerde y\u00fczlerce aile bu ge\u00e7itlerden \u00e7\u0131karak, gerekli hizmet \u015febekesi ve altyap\u0131 ile donat\u0131lan ge\u00e7ici ikamet merkezlerine yerle\u015ftirildi.<\/p>\n","protected":false},"excerpt":{"rendered":"<p>HALEP \u2013 Ordu birliklerimizin Halep\u2019te operasyon komutanl\u0131\u011f\u0131; silahl\u0131 ter\u00f6r gruplar\u0131n bulundu\u011fu kentin do\u011fu semtlerinde ya\u015fayan t\u00fcm sivil vatanda\u015flar\u0131 ter\u00f6ristlerin karargahlar\u0131 ve toplanma yerlerinden uzak durmalar\u0131na \u00e7a\u011f\u0131rd\u0131. Komutanl\u0131k bug\u00fcn yay\u0131nlad\u0131\u011f\u0131 ve SANA\u2019n\u0131n bir n\u00fcshas\u0131n\u0131 ald\u0131\u011f\u0131 beyan\u0131nda; vatanda\u015flar\u0131 ter\u00f6ristlerin karargahlar\u0131, toplanma yerleri ve hareketlenmelerinden uzak durmalar\u0131na davet etti. S\u00f6z konusu b\u00f6lgelerden \u00e7\u0131kmak isteyen istisnas\u0131z t\u00fcm sivil vatanda\u015flar\u0131 &hellip;<\/p>\n","protected":false},"author":1,"featured_media":88361,"comment_status":"closed","ping_status":"closed","sticky":false,"template":"","format":"standard","meta":{"footnotes":""},"categories":[479,575,17988,478],"tags":[3464,18237,15787,24223,24222,21585,11549,4076],"class_list":["post-89304","post","type-post","status-publish","format-standard","has-post-thumbnail","","category-haberler-yerel","category-olaylar-ve-gercekler","category-son-haberler","category-yerel","tag-nusra-cephesi","tag-cihatcilar","tag-fetih-ordusu","tag-halepin-dogusu","tag-halepte-operasyonlar","tag-halepte-son-durum","tag-suriye-ordusu","tag-terorle-mucadele"],"_links":{"self":[{"href":"https:\/\/archive.sana.sy\/tr\/index.php?rest_route=\/wp\/v2\/posts\/89304","targetHints":{"allow":["GET"]}}],"collection":[{"href":"https:\/\/archive.sana.sy\/tr\/index.php?rest_route=\/wp\/v2\/posts"}],"about":[{"href":"https:\/\/archive.sana.sy\/tr\/index.php?rest_route=\/wp\/v2\/types\/post"}],"author":[{"embeddable":true,"href":"https:\/\/archive.sana.sy\/tr\/index.php?rest_route=\/wp\/v2\/users\/1"}],"replies":[{"embeddable":true,"href":"https:\/\/archive.sana.sy\/tr\/index.php?rest_route=%2Fwp%2Fv2%2Fcomments&post=89304"}],"version-history":[{"count":0,"href":"https:\/\/archive.sana.sy\/tr\/index.php?rest_route=\/wp\/v2\/posts\/89304\/revisions"}],"wp:featuredmedia":[{"embeddable":true,"href":"https:\/\/archive.sana.sy\/tr\/index.php?rest_route=\/wp\/v2\/media\/88361"}],"wp:attachment":[{"href":"https:\/\/archive.sana.sy\/tr\/index.php?rest_route=%2Fwp%2Fv2%2Fmedia&parent=89304"}],"wp:term":[{"taxonomy":"category","embeddable":true,"href":"https:\/\/archive.sana.sy\/tr\/index.php?rest_route=%2Fwp%2Fv2%2Fcategories&post=89304"},{"taxonomy":"post_tag","embeddable":true,"href":"https:\/\/archive.sana.sy\/tr\/index.php?rest_route=%2Fwp%2Fv2%2Ftags&post=89304"}],"curies":[{"name":"wp","href":"https:\/\/api.w.org\/{rel}","templated":true}]}}