{"id":8932,"date":"2014-09-03T11:15:16","date_gmt":"2014-09-03T08:15:16","guid":{"rendered":"http:\/\/www.sana.sy\/tr\/?p=8932"},"modified":"2014-09-03T11:10:26","modified_gmt":"2014-09-03T08:10:26","slug":"askeri-kaynak-ordu-birliklerimizin-dera-beled-omeri-camii-yakinlari-ve-abbasiler-firini-guneyinde-bazi-araclari-icindeki-teroristlerle-birlikte-dera-kirsali-tafas-ve-harab-el-sahm-beldeleri-yonune-d","status":"publish","type":"post","link":"https:\/\/archive.sana.sy\/tr\/?p=8932","title":{"rendered":"Askeri kaynak, ordu birliklerimizin Dera Beled \u00d6meri Camii yak\u0131nlar\u0131 ve Abbasiler F\u0131r\u0131n\u0131 g\u00fcneyinde baz\u0131 ara\u00e7lar\u0131 i\u00e7indeki ter\u00f6ristlerle birlikte, Dera k\u0131rsal\u0131 Tafas ve Harab el \u015eahm Beldeleri y\u00f6n\u00fcne do\u011fru \u00dcrd\u00fcn s\u0131n\u0131r\u0131ndan gelen bir arac\u0131 daha imha ettiklerini belirtti."},"content":{"rendered":"<p>Askeri kaynak, ordu birliklerimizin Dera Beled \u00d6meri Camii yak\u0131nlar\u0131 ve Abbasiler F\u0131r\u0131n\u0131 g\u00fcneyinde baz\u0131 ara\u00e7lar\u0131 i\u00e7indeki ter\u00f6ristlerle birlikte, Dera k\u0131rsal\u0131 Tafas ve Harab el \u015eahm Beldeleri y\u00f6n\u00fcne do\u011fru \u00dcrd\u00fcn s\u0131n\u0131r\u0131ndan gelen bir arac\u0131 daha imha ettiklerini belirtti.<\/p>\n","protected":false},"excerpt":{"rendered":"<p>Askeri kaynak, ordu birliklerimizin Dera Beled \u00d6meri Camii yak\u0131nlar\u0131 ve Abbasiler F\u0131r\u0131n\u0131 g\u00fcneyinde baz\u0131 ara\u00e7lar\u0131 i\u00e7indeki ter\u00f6ristlerle birlikte, Dera k\u0131rsal\u0131 Tafas ve Harab el \u015eahm Beldeleri y\u00f6n\u00fcne do\u011fru \u00dcrd\u00fcn s\u0131n\u0131r\u0131ndan gelen bir arac\u0131 daha imha ettiklerini belirtti.<\/p>\n","protected":false},"author":1,"featured_media":0,"comment_status":"closed","ping_status":"closed","sticky":false,"template":"","format":"standard","meta":{"footnotes":""},"categories":[1],"tags":[1031,2013,2012],"class_list":["post-8932","post","type-post","status-publish","format-standard","","category-news-not-sorted","tag-askeri-kaynak","tag-dera-kirsali-tafas-ve-harab-el-sahm-beldeleri-yonune-dogru-urdun-sinirindan-gelen-bir-araci-daha-imha-ettiklerini-belirtti","tag-ordu-birliklerimizin-dera-beled-omeri-camii-yakinlari-ve-abbasiler-firini-guneyinde-bazi-araclari-icindeki-teroristlerle-birlikte"],"_links":{"self":[{"href":"https:\/\/archive.sana.sy\/tr\/index.php?rest_route=\/wp\/v2\/posts\/8932","targetHints":{"allow":["GET"]}}],"collection":[{"href":"https:\/\/archive.sana.sy\/tr\/index.php?rest_route=\/wp\/v2\/posts"}],"about":[{"href":"https:\/\/archive.sana.sy\/tr\/index.php?rest_route=\/wp\/v2\/types\/post"}],"author":[{"embeddable":true,"href":"https:\/\/archive.sana.sy\/tr\/index.php?rest_route=\/wp\/v2\/users\/1"}],"replies":[{"embeddable":true,"href":"https:\/\/archive.sana.sy\/tr\/index.php?rest_route=%2Fwp%2Fv2%2Fcomments&post=8932"}],"version-history":[{"count":0,"href":"https:\/\/archive.sana.sy\/tr\/index.php?rest_route=\/wp\/v2\/posts\/8932\/revisions"}],"wp:attachment":[{"href":"https:\/\/archive.sana.sy\/tr\/index.php?rest_route=%2Fwp%2Fv2%2Fmedia&parent=8932"}],"wp:term":[{"taxonomy":"category","embeddable":true,"href":"https:\/\/archive.sana.sy\/tr\/index.php?rest_route=%2Fwp%2Fv2%2Fcategories&post=8932"},{"taxonomy":"post_tag","embeddable":true,"href":"https:\/\/archive.sana.sy\/tr\/index.php?rest_route=%2Fwp%2Fv2%2Ftags&post=8932"}],"curies":[{"name":"wp","href":"https:\/\/api.w.org\/{rel}","templated":true}]}}