{"id":8934,"date":"2014-09-03T11:20:13","date_gmt":"2014-09-03T08:20:13","guid":{"rendered":"http:\/\/www.sana.sy\/tr\/?p=8934"},"modified":"2014-09-03T11:13:42","modified_gmt":"2014-09-03T08:13:42","slug":"askeri-kaynak-ordu-birliklerimizin-dera-beled-yonundeki-el-medacin-ve-yaduda-beldesinden-dera-belede-dogru-teroristlerin-sizma-girisimlerini-cokerttiklerini-bazi-teroristleri-de-olu-ve-yaral","status":"publish","type":"post","link":"https:\/\/archive.sana.sy\/tr\/?p=8934","title":{"rendered":"Askeri kaynak, ordu birliklerimizin Dera Beled y\u00f6n\u00fcndeki el Medacin ve Yaduda Beldesinden Dera Beled\u2019e do\u011fru ter\u00f6ristlerin s\u0131zma giri\u015fimlerini \u00e7\u00f6kerttiklerini baz\u0131 ter\u00f6ristleri de \u00f6l\u00fc ve yaral\u0131 d\u00fc\u015f\u00fcrd\u00fcklerini s\u00f6yledi."},"content":{"rendered":"<p>Askeri kaynak, ordu birliklerimizin Dera Beled y\u00f6n\u00fcndeki el Medacin ve Yaduda Beldesinden Dera Beled\u2019e do\u011fru ter\u00f6ristlerin s\u0131zma giri\u015fimlerini \u00e7\u00f6kerttiklerini baz\u0131 ter\u00f6ristleri de \u00f6l\u00fc ve yaral\u0131 d\u00fc\u015f\u00fcrd\u00fcklerini s\u00f6yledi.<\/p>\n","protected":false},"excerpt":{"rendered":"<p>Askeri kaynak, ordu birliklerimizin Dera Beled y\u00f6n\u00fcndeki el Medacin ve Yaduda Beldesinden Dera Beled\u2019e do\u011fru ter\u00f6ristlerin s\u0131zma giri\u015fimlerini \u00e7\u00f6kerttiklerini baz\u0131 ter\u00f6ristleri de \u00f6l\u00fc ve yaral\u0131 d\u00fc\u015f\u00fcrd\u00fcklerini s\u00f6yledi.<\/p>\n","protected":false},"author":1,"featured_media":0,"comment_status":"closed","ping_status":"closed","sticky":false,"template":"","format":"standard","meta":{"footnotes":""},"categories":[1],"tags":[1031,2014],"class_list":["post-8934","post","type-post","status-publish","format-standard","","category-news-not-sorted","tag-askeri-kaynak","tag-ordu-birliklerimizin-dera-beled-yonundeki-el-medacin-ve-yaduda-beldesinden-dera-belede-dogru-teroristlerin-sizma-girisimlerini-cokerttiklerini-bazi-teroristleri-de-olu-ve-yarali-dusurduklerin"],"_links":{"self":[{"href":"https:\/\/archive.sana.sy\/tr\/index.php?rest_route=\/wp\/v2\/posts\/8934","targetHints":{"allow":["GET"]}}],"collection":[{"href":"https:\/\/archive.sana.sy\/tr\/index.php?rest_route=\/wp\/v2\/posts"}],"about":[{"href":"https:\/\/archive.sana.sy\/tr\/index.php?rest_route=\/wp\/v2\/types\/post"}],"author":[{"embeddable":true,"href":"https:\/\/archive.sana.sy\/tr\/index.php?rest_route=\/wp\/v2\/users\/1"}],"replies":[{"embeddable":true,"href":"https:\/\/archive.sana.sy\/tr\/index.php?rest_route=%2Fwp%2Fv2%2Fcomments&post=8934"}],"version-history":[{"count":0,"href":"https:\/\/archive.sana.sy\/tr\/index.php?rest_route=\/wp\/v2\/posts\/8934\/revisions"}],"wp:attachment":[{"href":"https:\/\/archive.sana.sy\/tr\/index.php?rest_route=%2Fwp%2Fv2%2Fmedia&parent=8934"}],"wp:term":[{"taxonomy":"category","embeddable":true,"href":"https:\/\/archive.sana.sy\/tr\/index.php?rest_route=%2Fwp%2Fv2%2Fcategories&post=8934"},{"taxonomy":"post_tag","embeddable":true,"href":"https:\/\/archive.sana.sy\/tr\/index.php?rest_route=%2Fwp%2Fv2%2Ftags&post=8934"}],"curies":[{"name":"wp","href":"https:\/\/api.w.org\/{rel}","templated":true}]}}