{"id":8939,"date":"2014-09-03T12:12:53","date_gmt":"2014-09-03T09:12:53","guid":{"rendered":"http:\/\/www.sana.sy\/tr\/?p=8939"},"modified":"2014-09-03T13:14:30","modified_gmt":"2014-09-03T10:14:30","slug":"patrik-yazici-suriye-evlatlari-her-zaman-tek-bir-aile-olarak-kalacaklar","status":"publish","type":"post","link":"https:\/\/archive.sana.sy\/tr\/?p=8939","title":{"rendered":"Patrik Yaz\u0131c\u0131: Suriye Evlatlar\u0131 Her Zaman Tek Bir Aile Olarak Kalacaklar"},"content":{"rendered":"<p>HOMS \u2013 Antakya ve T\u00fcm Do\u011fu Rum Ortodoks Patri\u011fi X. Yuhanna Yaz\u0131c\u0131, \u00fclkenin ge\u00e7ti\u011fi zor \u015fartlara ra\u011fmen Suriye evlatlar\u0131n\u0131n vatan\u0131n d\u00f6rt bir yan\u0131nda zaferin sa\u011flan\u0131ncaya, g\u00fcven ve istikrar\u0131n elde edilinceye kadar \u015fartlar ne kadar zorla\u015f\u0131rsa zorla\u015fs\u0131n tek bir aile gibi kalacaklar\u0131n\u0131 vurgulad\u0131.<\/p>\n<p>Vadi el Nadara\u2019ya ziyaretinin sonunda Patrik Yaz\u0131c\u0131 yakla\u015f\u0131k 100 \u015fehit ailesiyle bir araya gelerek, imanlar\u0131n\u0131n krizden daha g\u00fc\u00e7l\u00fc oldu\u011funu belirterek musibetin alt\u0131nda kalmayacaklar\u0131n\u0131 ifade etti.<\/p>\n<p>Patrik Yaz\u0131c\u0131, rahat ya\u015fam\u0131m\u0131z i\u00e7in canlar\u0131n\u0131 feda eden \u015fehitlerin an\u0131lar\u0131n\u0131n ebediyete kadar aram\u0131zda kalaca\u011f\u0131n\u0131, kanlar\u0131 ve fedakarl\u0131klar\u0131na her zaman vefal\u0131 kalacaklar\u0131n\u0131 dile getirdi.<\/p>\n<p>Kendi y\u00f6n\u00fcnden \u015fehit aileleri, Suriye u\u011frunda canlar\u0131n\u0131 feda eden \u015fehitlerle gurur duyduklar\u0131n\u0131 dile getirerek, kahramanlar\u0131 do\u011furan Suriye\u2019nin her zaman Arapl\u0131\u011f\u0131n atan kalbi onur ve kerametin yurdu olarak kalmaya devam edece\u011fini vurgulad\u0131lar.<\/p>\n<p>&nbsp;<\/p>\n","protected":false},"excerpt":{"rendered":"<p>HOMS \u2013 Antakya ve T\u00fcm Do\u011fu Rum Ortodoks Patri\u011fi X. Yuhanna Yaz\u0131c\u0131, \u00fclkenin ge\u00e7ti\u011fi zor \u015fartlara ra\u011fmen Suriye evlatlar\u0131n\u0131n vatan\u0131n d\u00f6rt bir yan\u0131nda zaferin sa\u011flan\u0131ncaya, g\u00fcven ve istikrar\u0131n elde edilinceye kadar \u015fartlar ne kadar zorla\u015f\u0131rsa zorla\u015fs\u0131n tek bir aile gibi kalacaklar\u0131n\u0131 vurgulad\u0131. Vadi el Nadara\u2019ya ziyaretinin sonunda Patrik Yaz\u0131c\u0131 yakla\u015f\u0131k 100 \u015fehit ailesiyle bir araya &hellip;<\/p>\n","protected":false},"author":1,"featured_media":8957,"comment_status":"closed","ping_status":"closed","sticky":false,"template":"","format":"standard","meta":{"footnotes":""},"categories":[1],"tags":[2016],"class_list":["post-8939","post","type-post","status-publish","format-standard","has-post-thumbnail","","category-news-not-sorted","tag-patrik-yazici-suriye-evlatlari-her-zaman-tek-bir-aile-olarak-kalacaklar"],"_links":{"self":[{"href":"https:\/\/archive.sana.sy\/tr\/index.php?rest_route=\/wp\/v2\/posts\/8939","targetHints":{"allow":["GET"]}}],"collection":[{"href":"https:\/\/archive.sana.sy\/tr\/index.php?rest_route=\/wp\/v2\/posts"}],"about":[{"href":"https:\/\/archive.sana.sy\/tr\/index.php?rest_route=\/wp\/v2\/types\/post"}],"author":[{"embeddable":true,"href":"https:\/\/archive.sana.sy\/tr\/index.php?rest_route=\/wp\/v2\/users\/1"}],"replies":[{"embeddable":true,"href":"https:\/\/archive.sana.sy\/tr\/index.php?rest_route=%2Fwp%2Fv2%2Fcomments&post=8939"}],"version-history":[{"count":0,"href":"https:\/\/archive.sana.sy\/tr\/index.php?rest_route=\/wp\/v2\/posts\/8939\/revisions"}],"wp:featuredmedia":[{"embeddable":true,"href":"https:\/\/archive.sana.sy\/tr\/index.php?rest_route=\/wp\/v2\/media\/8957"}],"wp:attachment":[{"href":"https:\/\/archive.sana.sy\/tr\/index.php?rest_route=%2Fwp%2Fv2%2Fmedia&parent=8939"}],"wp:term":[{"taxonomy":"category","embeddable":true,"href":"https:\/\/archive.sana.sy\/tr\/index.php?rest_route=%2Fwp%2Fv2%2Fcategories&post=8939"},{"taxonomy":"post_tag","embeddable":true,"href":"https:\/\/archive.sana.sy\/tr\/index.php?rest_route=%2Fwp%2Fv2%2Ftags&post=8939"}],"curies":[{"name":"wp","href":"https:\/\/api.w.org\/{rel}","templated":true}]}}