{"id":8944,"date":"2014-09-03T12:47:30","date_gmt":"2014-09-03T09:47:30","guid":{"rendered":"http:\/\/www.sana.sy\/tr\/?p=8944"},"modified":"2014-09-04T13:21:54","modified_gmt":"2014-09-04T10:21:54","slug":"antakyalilar-liva-iskenderun-adinin-degistirilmesi-yildonumunde-yuruyus-duzenledi","status":"publish","type":"post","link":"https:\/\/archive.sana.sy\/tr\/?p=8944","title":{"rendered":"Antakyal\u0131lar Liva \u0130skenderun Ad\u0131n\u0131n De\u011fi\u015ftirilmesi Y\u0131ld\u00f6n\u00fcm\u00fcnde Y\u00fcr\u00fcy\u00fc\u015f D\u00fczenledi"},"content":{"rendered":"<p>ANTAKYA \u2013 T\u00fcrkiye otoritelerinin 02 Eyl\u00fcl 1938 y\u0131l\u0131nda Liva \u0130skenderun ad\u0131n\u0131 \u2018Hatay\u2019 olarak de\u011fi\u015ftirmelerinin y\u0131ld\u00f6n\u00fcm\u00fc m\u00fcnasebetiyle d\u00fcn Antakyal\u0131 y\u00fczlerce ki\u015fi y\u00fcr\u00fcy\u00fc\u015f eylemi d\u00fczenlediler.<\/p>\n<p>Suriye bayraklar\u0131 ta\u015f\u0131yan kat\u0131l\u0131mc\u0131lar anavatanlar\u0131 Suriye&#8217;ye ba\u011fl\u0131l\u0131klar\u0131n\u0131 belirtirken, kat\u0131l\u0131mc\u0131lardan biri \u015eehit Yahya el \u015ea\u011fri\u2019nin foto\u011fraf\u0131n\u0131 ta\u015f\u0131d\u0131.<\/p>\n<p>Bilindi\u011fi \u00fczere T\u00fcrk g\u00fc\u00e7leri 15-07-1938 y\u0131l\u0131nda Liva topraklar\u0131na girerek, o zamanda i\u015fgalci Fransa otoriteleri ile komplo i\u00e7inde Liva topraklar\u0131n\u0131 i\u015fgal etti. Ard\u0131ndan Liva \u0130skenderun halk\u0131 ve topraklar\u0131n\u0131 asimile etme politikas\u0131 ba\u015flatmas\u0131yla Liva \u0130skenderun b\u00f6lgelerinin ad\u0131n\u0131 Arap\u00e7adan T\u00fcrk\u00e7eye de\u011fi\u015ftirdi.<\/p>\n<p>T\u00fcrk otoritelerinin Liva \u0130skenderun\u2019da ya\u015fayan yurtta\u015flar\u0131m\u0131za bask\u0131, dayatma ve asimile politikalar\u0131na ra\u011fmen Suriyeliler anavatanlar\u0131 Suriye&#8217;ye ba\u011fl\u0131l\u0131klar\u0131n\u0131 ifade etme \u0131srar\u0131n\u0131 s\u00fcrd\u00fcr\u00fcryor.<\/p>\n<div style=\"width: 618px;\" class=\"wp-video\"><!--[if lt IE 9]><script>document.createElement('video');<\/script><![endif]-->\n<video class=\"wp-video-shortcode\" id=\"video-8944-1\" width=\"618\" height=\"348\" preload=\"metadata\" controls=\"controls\"><source type=\"video\/x-flv\" src=\"http:\/\/www.sana.sy\/tr\/wp-content\/uploads\/2014\/09\/Antakya1.flv?_=1\" \/><a href=\"http:\/\/www.sana.sy\/tr\/wp-content\/uploads\/2014\/09\/Antakya1.flv\">http:\/\/www.sana.sy\/tr\/wp-content\/uploads\/2014\/09\/Antakya1.flv<\/a><\/video><\/div>\n","protected":false},"excerpt":{"rendered":"<p>ANTAKYA \u2013 T\u00fcrkiye otoritelerinin 02 Eyl\u00fcl 1938 y\u0131l\u0131nda Liva \u0130skenderun ad\u0131n\u0131 \u2018Hatay\u2019 olarak de\u011fi\u015ftirmelerinin y\u0131ld\u00f6n\u00fcm\u00fc m\u00fcnasebetiyle d\u00fcn Antakyal\u0131 y\u00fczlerce ki\u015fi y\u00fcr\u00fcy\u00fc\u015f eylemi d\u00fczenlediler. Suriye bayraklar\u0131 ta\u015f\u0131yan kat\u0131l\u0131mc\u0131lar anavatanlar\u0131 Suriye&#8217;ye ba\u011fl\u0131l\u0131klar\u0131n\u0131 belirtirken, kat\u0131l\u0131mc\u0131lardan biri \u015eehit Yahya el \u015ea\u011fri\u2019nin foto\u011fraf\u0131n\u0131 ta\u015f\u0131d\u0131. Bilindi\u011fi \u00fczere T\u00fcrk g\u00fc\u00e7leri 15-07-1938 y\u0131l\u0131nda Liva topraklar\u0131na girerek, o zamanda i\u015fgalci Fransa otoriteleri ile komplo &hellip;<\/p>\n","protected":false},"author":1,"featured_media":8945,"comment_status":"closed","ping_status":"closed","sticky":false,"template":"","format":"standard","meta":{"footnotes":""},"categories":[458,459,447],"tags":[2017],"class_list":["post-8944","post","type-post","status-publish","format-standard","has-post-thumbnail","","category-dunya1","category-haberler-arap-uluslararasi-politika","category-politika","tag-antakyalilar-liva-iskenderun-adinin-degistirilmesi-yildonumunde-yuruyus-duzenledi"],"_links":{"self":[{"href":"https:\/\/archive.sana.sy\/tr\/index.php?rest_route=\/wp\/v2\/posts\/8944","targetHints":{"allow":["GET"]}}],"collection":[{"href":"https:\/\/archive.sana.sy\/tr\/index.php?rest_route=\/wp\/v2\/posts"}],"about":[{"href":"https:\/\/archive.sana.sy\/tr\/index.php?rest_route=\/wp\/v2\/types\/post"}],"author":[{"embeddable":true,"href":"https:\/\/archive.sana.sy\/tr\/index.php?rest_route=\/wp\/v2\/users\/1"}],"replies":[{"embeddable":true,"href":"https:\/\/archive.sana.sy\/tr\/index.php?rest_route=%2Fwp%2Fv2%2Fcomments&post=8944"}],"version-history":[{"count":0,"href":"https:\/\/archive.sana.sy\/tr\/index.php?rest_route=\/wp\/v2\/posts\/8944\/revisions"}],"wp:featuredmedia":[{"embeddable":true,"href":"https:\/\/archive.sana.sy\/tr\/index.php?rest_route=\/wp\/v2\/media\/8945"}],"wp:attachment":[{"href":"https:\/\/archive.sana.sy\/tr\/index.php?rest_route=%2Fwp%2Fv2%2Fmedia&parent=8944"}],"wp:term":[{"taxonomy":"category","embeddable":true,"href":"https:\/\/archive.sana.sy\/tr\/index.php?rest_route=%2Fwp%2Fv2%2Fcategories&post=8944"},{"taxonomy":"post_tag","embeddable":true,"href":"https:\/\/archive.sana.sy\/tr\/index.php?rest_route=%2Fwp%2Fv2%2Ftags&post=8944"}],"curies":[{"name":"wp","href":"https:\/\/api.w.org\/{rel}","templated":true}]}}