{"id":89500,"date":"2016-09-28T09:00:01","date_gmt":"2016-09-28T06:00:01","guid":{"rendered":"http:\/\/www.sana.sy\/tr\/?p=89500"},"modified":"2016-09-30T15:20:56","modified_gmt":"2016-09-30T12:20:56","slug":"erdogan-rejimi-bir-kez-daha-kotu-niyetini-kanitladi","status":"publish","type":"post","link":"https:\/\/archive.sana.sy\/tr\/?p=89500","title":{"rendered":"Erdo\u011fan Rejimi Bir Kez Daha K\u00f6t\u00fc Niyetini Kan\u0131tlad\u0131"},"content":{"rendered":"<p>HALEP \u2013 Suriye ve halk\u0131na kini \u00e7er\u00e7evesinde I\u015e\u0130D ve Nusra dahil ter\u00f6r \u00f6rg\u00fctlere her t\u00fcrl\u00fc deste\u011fi temin eden T\u00fcrkiye rejimi uluslararas\u0131 kararlar\u0131 ihlal ederek sald\u0131rd\u0131\u011f\u0131 Halep k\u0131rsal\u0131n\u0131n kuzeyi Cerablus Kentinde bir okulu gasp edip hastaneye d\u00f6n\u00fc\u015ft\u00fcrd\u00fc.<\/p>\n<p>Yerel kaynaklar ve muhtelif medya ara\u00e7lar\u0131; Erdo\u011fan rejiminin gasp etti\u011fi okula T\u00fcrkiye bayra\u011f\u0131 dikerek duvar\u0131na \u2018T\u00fcrkiye Sa\u011fl\u0131k Bakanl\u0131\u011f\u0131 \u2013 Cerablus Hastanesi\u2019 tabelas\u0131 ast\u0131\u011f\u0131na dikkat \u00e7ekti.<\/p>\n<p>Muhtelif medya ara\u00e7lar\u0131nda \u00e7\u0131kan g\u00f6r\u00fcnt\u00fclerde radikal ter\u00f6r \u00f6rg\u00fct\u00fc M\u00fcsl\u00fcman Karde\u015flerin ideolojisine sahip Erdo\u011fan rejiminden yetkililerin olduk\u00e7a b\u00fcy\u00fck bir tehlike te\u015fkil eden sald\u0131r\u0131yla gasp edilen hastane \u00f6n\u00fcnde bulunduklar\u0131 g\u00f6r\u00fcld\u00fc.<\/p>\n<p>Siyasi g\u00f6zlemciler Suriye&#8217;de u\u00e7u\u015fa yasak b\u00f6lge talebini her f\u0131rsatta yenileyen Erdo\u011fan rejiminin bu ihlalinde Suriye\u2019nin egemenli\u011fine sald\u0131rd\u0131\u011f\u0131, toprak b\u00fct\u00fcnl\u00fc\u011f\u00fcnde g\u00f6z\u00fc olup bu b\u00fct\u00fcnl\u00fc\u011f\u00fc sabote etmeye \u00e7al\u0131\u015ft\u0131\u011f\u0131n\u0131n bir kez daha kan\u0131tlad\u0131\u011f\u0131n\u0131 kaydetti.<\/p>\n","protected":false},"excerpt":{"rendered":"<p>HALEP \u2013 Suriye ve halk\u0131na kini \u00e7er\u00e7evesinde I\u015e\u0130D ve Nusra dahil ter\u00f6r \u00f6rg\u00fctlere her t\u00fcrl\u00fc deste\u011fi temin eden T\u00fcrkiye rejimi uluslararas\u0131 kararlar\u0131 ihlal ederek sald\u0131rd\u0131\u011f\u0131 Halep k\u0131rsal\u0131n\u0131n kuzeyi Cerablus Kentinde bir okulu gasp edip hastaneye d\u00f6n\u00fc\u015ft\u00fcrd\u00fc. Yerel kaynaklar ve muhtelif medya ara\u00e7lar\u0131; Erdo\u011fan rejiminin gasp etti\u011fi okula T\u00fcrkiye bayra\u011f\u0131 dikerek duvar\u0131na \u2018T\u00fcrkiye Sa\u011fl\u0131k Bakanl\u0131\u011f\u0131 \u2013 &hellip;<\/p>\n","protected":false},"author":1,"featured_media":89503,"comment_status":"closed","ping_status":"closed","sticky":false,"template":"","format":"standard","meta":{"footnotes":""},"categories":[479,17988,2554,2555,478],"tags":[24268,9401,24269,17096,19217,19314],"class_list":["post-89500","post","type-post","status-publish","format-standard","has-post-thumbnail","","category-haberler-yerel","category-son-haberler","category-suriye-ve-dunya","category-suriye-ve-turkiye","category-yerel","tag-cerablus","tag-erdogan","tag-firat-kalkani-operasyonu","tag-recep-tayip-erdogan","tag-suriye-sinirlari","tag-suriyeye-saldiri"],"_links":{"self":[{"href":"https:\/\/archive.sana.sy\/tr\/index.php?rest_route=\/wp\/v2\/posts\/89500","targetHints":{"allow":["GET"]}}],"collection":[{"href":"https:\/\/archive.sana.sy\/tr\/index.php?rest_route=\/wp\/v2\/posts"}],"about":[{"href":"https:\/\/archive.sana.sy\/tr\/index.php?rest_route=\/wp\/v2\/types\/post"}],"author":[{"embeddable":true,"href":"https:\/\/archive.sana.sy\/tr\/index.php?rest_route=\/wp\/v2\/users\/1"}],"replies":[{"embeddable":true,"href":"https:\/\/archive.sana.sy\/tr\/index.php?rest_route=%2Fwp%2Fv2%2Fcomments&post=89500"}],"version-history":[{"count":0,"href":"https:\/\/archive.sana.sy\/tr\/index.php?rest_route=\/wp\/v2\/posts\/89500\/revisions"}],"wp:featuredmedia":[{"embeddable":true,"href":"https:\/\/archive.sana.sy\/tr\/index.php?rest_route=\/wp\/v2\/media\/89503"}],"wp:attachment":[{"href":"https:\/\/archive.sana.sy\/tr\/index.php?rest_route=%2Fwp%2Fv2%2Fmedia&parent=89500"}],"wp:term":[{"taxonomy":"category","embeddable":true,"href":"https:\/\/archive.sana.sy\/tr\/index.php?rest_route=%2Fwp%2Fv2%2Fcategories&post=89500"},{"taxonomy":"post_tag","embeddable":true,"href":"https:\/\/archive.sana.sy\/tr\/index.php?rest_route=%2Fwp%2Fv2%2Ftags&post=89500"}],"curies":[{"name":"wp","href":"https:\/\/api.w.org\/{rel}","templated":true}]}}