{"id":89502,"date":"2016-09-28T10:00:07","date_gmt":"2016-09-28T07:00:07","guid":{"rendered":"http:\/\/www.sana.sy\/tr\/?p=89502"},"modified":"2016-09-29T13:50:10","modified_gmt":"2016-09-29T10:50:10","slug":"sehit-cocuklarinin-kontenjani-arttirildi","status":"publish","type":"post","link":"https:\/\/archive.sana.sy\/tr\/?p=89502","title":{"rendered":"\u015eehit \u00c7ocuklar\u0131n\u0131n Kontenjan\u0131 Artt\u0131r\u0131ld\u0131"},"content":{"rendered":"<p>\u015eAM \u2013 Cumhurba\u015fkan\u0131 Be\u015f\u015far el Esad bug\u00fcn \u00fcniversitelerde \u015fehit \u00e7ocuklar\u0131na ayr\u0131lan kontenjan\u0131n artt\u0131r\u0131lmas\u0131n\u0131 \u00f6ng\u00f6ren 2016\/293 say\u0131l\u0131 yasama karar\u0131n\u0131 onaylad\u0131.<\/p>\n<p>Yasama karar\u0131 gere\u011fince her fak\u00fclte, b\u00f6l\u00fcm ya da uzmanl\u0131kta \u015fehit \u00e7ocuklar\u0131, karde\u015fleri ve e\u015flerine ayr\u0131lan kontenjan say\u0131s\u0131 15\u2019e y\u00fckseltilirken, mast\u0131r \u00f6\u011frenimi i\u00e7in de 2\u2019ye y\u00fckseltildi.<\/p>\n","protected":false},"excerpt":{"rendered":"<p>\u015eAM \u2013 Cumhurba\u015fkan\u0131 Be\u015f\u015far el Esad bug\u00fcn \u00fcniversitelerde \u015fehit \u00e7ocuklar\u0131na ayr\u0131lan kontenjan\u0131n artt\u0131r\u0131lmas\u0131n\u0131 \u00f6ng\u00f6ren 2016\/293 say\u0131l\u0131 yasama karar\u0131n\u0131 onaylad\u0131. Yasama karar\u0131 gere\u011fince her fak\u00fclte, b\u00f6l\u00fcm ya da uzmanl\u0131kta \u015fehit \u00e7ocuklar\u0131, karde\u015fleri ve e\u015flerine ayr\u0131lan kontenjan say\u0131s\u0131 15\u2019e y\u00fckseltilirken, mast\u0131r \u00f6\u011frenimi i\u00e7in de 2\u2019ye y\u00fckseltildi.<\/p>\n","protected":false},"author":1,"featured_media":89505,"comment_status":"closed","ping_status":"closed","sticky":false,"template":"","format":"standard","meta":{"footnotes":""},"categories":[479,605,17988,612,599,478],"tags":[17256,8767,19946,24270,24119,16714],"class_list":["post-89502","post","type-post","status-publish","format-standard","has-post-thumbnail","","category-haberler-yerel","category-sayin-cumhurbaskani","category-son-haberler","category-yasama-kararnameler","category-yasama-ve-kanunlar","category-yerel","tag-bessar-el-esad","tag-cumhurbaskani","tag-kararname","tag-sehit-cocuklarinin-kontenjani-arttirildi","tag-suriye-lideri","tag-yasama-karari"],"_links":{"self":[{"href":"https:\/\/archive.sana.sy\/tr\/index.php?rest_route=\/wp\/v2\/posts\/89502","targetHints":{"allow":["GET"]}}],"collection":[{"href":"https:\/\/archive.sana.sy\/tr\/index.php?rest_route=\/wp\/v2\/posts"}],"about":[{"href":"https:\/\/archive.sana.sy\/tr\/index.php?rest_route=\/wp\/v2\/types\/post"}],"author":[{"embeddable":true,"href":"https:\/\/archive.sana.sy\/tr\/index.php?rest_route=\/wp\/v2\/users\/1"}],"replies":[{"embeddable":true,"href":"https:\/\/archive.sana.sy\/tr\/index.php?rest_route=%2Fwp%2Fv2%2Fcomments&post=89502"}],"version-history":[{"count":0,"href":"https:\/\/archive.sana.sy\/tr\/index.php?rest_route=\/wp\/v2\/posts\/89502\/revisions"}],"wp:featuredmedia":[{"embeddable":true,"href":"https:\/\/archive.sana.sy\/tr\/index.php?rest_route=\/wp\/v2\/media\/89505"}],"wp:attachment":[{"href":"https:\/\/archive.sana.sy\/tr\/index.php?rest_route=%2Fwp%2Fv2%2Fmedia&parent=89502"}],"wp:term":[{"taxonomy":"category","embeddable":true,"href":"https:\/\/archive.sana.sy\/tr\/index.php?rest_route=%2Fwp%2Fv2%2Fcategories&post=89502"},{"taxonomy":"post_tag","embeddable":true,"href":"https:\/\/archive.sana.sy\/tr\/index.php?rest_route=%2Fwp%2Fv2%2Ftags&post=89502"}],"curies":[{"name":"wp","href":"https:\/\/api.w.org\/{rel}","templated":true}]}}