{"id":89507,"date":"2016-09-28T09:09:25","date_gmt":"2016-09-28T06:09:25","guid":{"rendered":"http:\/\/www.sana.sy\/tr\/?p=89507"},"modified":"2016-09-28T13:30:31","modified_gmt":"2016-09-28T10:30:31","slug":"yasama-karari-geregince-her-fakulte-bolum-ya-da-uzmanlikta-sehit-cocuklari-kardesleri-ve-eslerine-ayrilan-kontenjan-sayisi-15e-yukseltilirken-mastir-ogrenimi-icin-de-2ye-yukseltil","status":"publish","type":"post","link":"https:\/\/archive.sana.sy\/tr\/?p=89507","title":{"rendered":"Yasama karar\u0131 gere\u011fince her fak\u00fclte, b\u00f6l\u00fcm ya da uzmanl\u0131kta \u015fehit \u00e7ocuklar\u0131, karde\u015fleri ve e\u015flerine ayr\u0131lan kontenjan say\u0131s\u0131 15\u2019e y\u00fckseltilirken, mast\u0131r \u00f6\u011frenimi i\u00e7in de 2\u2019ye y\u00fckseltildi."},"content":{"rendered":"<p>Yasama karar\u0131 gere\u011fince her fak\u00fclte, b\u00f6l\u00fcm ya da uzmanl\u0131kta \u015fehit \u00e7ocuklar\u0131, karde\u015fleri ve e\u015flerine ayr\u0131lan kontenjan say\u0131s\u0131 15\u2019e y\u00fckseltilirken, mast\u0131r \u00f6\u011frenimi i\u00e7in de 2\u2019ye y\u00fckseltildi.<\/p>\n","protected":false},"excerpt":{"rendered":"<p>Yasama karar\u0131 gere\u011fince her fak\u00fclte, b\u00f6l\u00fcm ya da uzmanl\u0131kta \u015fehit \u00e7ocuklar\u0131, karde\u015fleri ve e\u015flerine ayr\u0131lan kontenjan say\u0131s\u0131 15\u2019e y\u00fckseltilirken, mast\u0131r \u00f6\u011frenimi i\u00e7in de 2\u2019ye y\u00fckseltildi.<\/p>\n","protected":false},"author":1,"featured_media":0,"comment_status":"closed","ping_status":"closed","sticky":false,"template":"","format":"standard","meta":{"footnotes":""},"categories":[17991],"tags":[],"class_list":["post-89507","post","type-post","status-publish","format-standard","","category-son-dakika"],"_links":{"self":[{"href":"https:\/\/archive.sana.sy\/tr\/index.php?rest_route=\/wp\/v2\/posts\/89507","targetHints":{"allow":["GET"]}}],"collection":[{"href":"https:\/\/archive.sana.sy\/tr\/index.php?rest_route=\/wp\/v2\/posts"}],"about":[{"href":"https:\/\/archive.sana.sy\/tr\/index.php?rest_route=\/wp\/v2\/types\/post"}],"author":[{"embeddable":true,"href":"https:\/\/archive.sana.sy\/tr\/index.php?rest_route=\/wp\/v2\/users\/1"}],"replies":[{"embeddable":true,"href":"https:\/\/archive.sana.sy\/tr\/index.php?rest_route=%2Fwp%2Fv2%2Fcomments&post=89507"}],"version-history":[{"count":0,"href":"https:\/\/archive.sana.sy\/tr\/index.php?rest_route=\/wp\/v2\/posts\/89507\/revisions"}],"wp:attachment":[{"href":"https:\/\/archive.sana.sy\/tr\/index.php?rest_route=%2Fwp%2Fv2%2Fmedia&parent=89507"}],"wp:term":[{"taxonomy":"category","embeddable":true,"href":"https:\/\/archive.sana.sy\/tr\/index.php?rest_route=%2Fwp%2Fv2%2Fcategories&post=89507"},{"taxonomy":"post_tag","embeddable":true,"href":"https:\/\/archive.sana.sy\/tr\/index.php?rest_route=%2Fwp%2Fv2%2Ftags&post=89507"}],"curies":[{"name":"wp","href":"https:\/\/api.w.org\/{rel}","templated":true}]}}