{"id":89510,"date":"2016-09-28T09:36:38","date_gmt":"2016-09-28T06:36:38","guid":{"rendered":"http:\/\/www.sana.sy\/tr\/?p=89510"},"modified":"2016-09-28T13:59:00","modified_gmt":"2016-09-28T10:59:00","slug":"iside-karsi-mucadele-iddiasi-altinda-suriyede-altyapi-ve-hizmet-kurumlarina-yonelik-dusmanci-saldirilarini-surduren-abd-komutasindaki-uluslar-arasi-koalisyon-gucleri-deyrezzor-kirsal","status":"publish","type":"post","link":"https:\/\/archive.sana.sy\/tr\/?p=89510","title":{"rendered":"I\u015e\u0130D\u2019e kar\u015f\u0131 m\u00fccadele iddias\u0131 alt\u0131nda Suriye\u2019de altyap\u0131 ve hizmet kurumlar\u0131na y\u00f6nelik d\u00fc\u015fmanc\u0131 sald\u0131r\u0131lar\u0131n\u0131 s\u00fcrd\u00fcren ABD komutas\u0131ndaki uluslar aras\u0131 koalisyon g\u00fc\u00e7leri Deyrezzor k\u0131rsal\u0131nda F\u0131rat Nehri \u00fczerinde iki \u00f6nemli k\u00f6pr\u00fcy\u00fc bombalad\u0131."},"content":{"rendered":"<p>I\u015e\u0130D\u2019e kar\u015f\u0131 m\u00fccadele iddias\u0131 alt\u0131nda Suriye\u2019de altyap\u0131 ve hizmet kurumlar\u0131na y\u00f6nelik d\u00fc\u015fmanc\u0131 sald\u0131r\u0131lar\u0131n\u0131 s\u00fcrd\u00fcren ABD komutas\u0131ndaki uluslar aras\u0131 koalisyon g\u00fc\u00e7leri Deyrezzor k\u0131rsal\u0131nda F\u0131rat Nehri \u00fczerinde iki \u00f6nemli k\u00f6pr\u00fcy\u00fc bombalad\u0131.<\/p>\n","protected":false},"excerpt":{"rendered":"<p>I\u015e\u0130D\u2019e kar\u015f\u0131 m\u00fccadele iddias\u0131 alt\u0131nda Suriye\u2019de altyap\u0131 ve hizmet kurumlar\u0131na y\u00f6nelik d\u00fc\u015fmanc\u0131 sald\u0131r\u0131lar\u0131n\u0131 s\u00fcrd\u00fcren ABD komutas\u0131ndaki uluslar aras\u0131 koalisyon g\u00fc\u00e7leri Deyrezzor k\u0131rsal\u0131nda F\u0131rat Nehri \u00fczerinde iki \u00f6nemli k\u00f6pr\u00fcy\u00fc bombalad\u0131.<\/p>\n","protected":false},"author":1,"featured_media":0,"comment_status":"closed","ping_status":"closed","sticky":false,"template":"","format":"standard","meta":{"footnotes":""},"categories":[17991],"tags":[],"class_list":["post-89510","post","type-post","status-publish","format-standard","","category-son-dakika"],"_links":{"self":[{"href":"https:\/\/archive.sana.sy\/tr\/index.php?rest_route=\/wp\/v2\/posts\/89510","targetHints":{"allow":["GET"]}}],"collection":[{"href":"https:\/\/archive.sana.sy\/tr\/index.php?rest_route=\/wp\/v2\/posts"}],"about":[{"href":"https:\/\/archive.sana.sy\/tr\/index.php?rest_route=\/wp\/v2\/types\/post"}],"author":[{"embeddable":true,"href":"https:\/\/archive.sana.sy\/tr\/index.php?rest_route=\/wp\/v2\/users\/1"}],"replies":[{"embeddable":true,"href":"https:\/\/archive.sana.sy\/tr\/index.php?rest_route=%2Fwp%2Fv2%2Fcomments&post=89510"}],"version-history":[{"count":0,"href":"https:\/\/archive.sana.sy\/tr\/index.php?rest_route=\/wp\/v2\/posts\/89510\/revisions"}],"wp:attachment":[{"href":"https:\/\/archive.sana.sy\/tr\/index.php?rest_route=%2Fwp%2Fv2%2Fmedia&parent=89510"}],"wp:term":[{"taxonomy":"category","embeddable":true,"href":"https:\/\/archive.sana.sy\/tr\/index.php?rest_route=%2Fwp%2Fv2%2Fcategories&post=89510"},{"taxonomy":"post_tag","embeddable":true,"href":"https:\/\/archive.sana.sy\/tr\/index.php?rest_route=%2Fwp%2Fv2%2Ftags&post=89510"}],"curies":[{"name":"wp","href":"https:\/\/api.w.org\/{rel}","templated":true}]}}