{"id":89511,"date":"2016-09-28T13:43:48","date_gmt":"2016-09-28T10:43:48","guid":{"rendered":"http:\/\/www.sana.sy\/tr\/?p=89511"},"modified":"2016-09-30T15:19:04","modified_gmt":"2016-09-30T12:19:04","slug":"abd-koalisyonu-2-kopruyu-imha-etti","status":"publish","type":"post","link":"https:\/\/archive.sana.sy\/tr\/?p=89511","title":{"rendered":"ABD Koalisyonu 2 K\u00f6pr\u00fcy\u00fc \u0130mha Etti"},"content":{"rendered":"<p>DEYREZZOR \u2013 I\u015e\u0130D\u2019e kar\u015f\u0131 m\u00fccadele iddias\u0131 alt\u0131nda Suriye&#8217;de altyap\u0131 ve hizmet kurumlar\u0131na y\u00f6nelik d\u00fc\u015fmanc\u0131 sald\u0131r\u0131lar\u0131n\u0131 s\u00fcrd\u00fcren ABD komutas\u0131ndaki uluslar aras\u0131 koalisyon g\u00fc\u00e7leri Deyrezzor k\u0131rsal\u0131nda F\u0131rat Nehri \u00fczerinde iki \u00f6nemli k\u00f6pr\u00fcy\u00fc bombalad\u0131.<\/p>\n<p>SANA\u2019n\u0131n Deyrezzor muhabiri Deyrezzor k\u0131rsal\u0131nda F\u0131rat nehrinin iki yakas\u0131n\u0131 birbirinden ay\u0131rma amac\u0131yla koalisyon u\u00e7aklar\u0131n\u0131n Meyadin K\u00f6pr\u00fcs\u00fcn\u00fc havaya u\u00e7urmalar\u0131 ard\u0131ndan birka\u00e7 saat sonra A\u015fara K\u00f6pr\u00fcs\u00fcn\u00fc de imha ettiklerini aktard\u0131.<\/p>\n<p>I\u015e\u0130D\u2019e kar\u015f\u0131 sava\u015ft\u0131\u011f\u0131 bir yana kals\u0131n, d\u00fcnya halklar\u0131na kar\u015f\u0131 en b\u00fcy\u00fck tehlikeyi te\u015fkil eden bu radikal \u00f6rg\u00fcte deste\u011fi ve koordinasyonu kan\u0131tlarla de\u015fifre edilen koalisyon g\u00fc\u00e7leri daha \u00f6nce de Halep, Rakka ve Deyrezzor illerinin muhtelif b\u00f6lgelerinde, hastane, okul, elektrik santralleri ve daha muhtelif hizmet altyap\u0131s\u0131n\u0131 imha etmi\u015fti. 17 Eyl\u00fcl tarihinde ise I\u015e\u0130D\u2019e kar\u015f\u0131 en etkin ve ciddi sava\u015f y\u00fcr\u00fcten Suriye ordusunun da Deyrezzor k\u0131rsal\u0131ndaki bir mevkiinin yan\u0131 s\u0131ra daha \u00f6nce de Halep k\u0131rsal\u0131 Menbic Kentinde y\u00fczlerce sivil insan\u0131n hayat\u0131na mal olan bir yerle\u015fim alan\u0131n\u0131 bombalam\u0131\u015ft\u0131.<\/p>\n<div id='gallery-1' class='gallery galleryid-89511 gallery-columns-2 gallery-size-thumbnail'><figure class='gallery-item'>\n\t\t\t<div class='gallery-icon portrait'>\n\t\t\t\t<a href='https:\/\/archive.sana.sy\/tr\/wp-content\/uploads\/2016\/09\/0-22.jpg'><img loading=\"lazy\" decoding=\"async\" width=\"88\" height=\"150\" src=\"https:\/\/archive.sana.sy\/tr\/wp-content\/uploads\/2016\/09\/0-22-88x150.jpg\" class=\"attachment-thumbnail size-thumbnail\" alt=\"\" srcset=\"https:\/\/archive.sana.sy\/tr\/wp-content\/uploads\/2016\/09\/0-22-88x150.jpg 88w, https:\/\/archive.sana.sy\/tr\/wp-content\/uploads\/2016\/09\/0-22-177x300.jpg 177w, https:\/\/archive.sana.sy\/tr\/wp-content\/uploads\/2016\/09\/0-22.jpg 369w\" sizes=\"auto, (max-width: 88px) 100vw, 88px\" \/><\/a>\n\t\t\t<\/div><\/figure><figure class='gallery-item'>\n\t\t\t<div class='gallery-icon landscape'>\n\t\t\t\t<a href='https:\/\/archive.sana.sy\/tr\/wp-content\/uploads\/2016\/09\/1-71.jpg'><img loading=\"lazy\" decoding=\"async\" width=\"150\" height=\"90\" src=\"https:\/\/archive.sana.sy\/tr\/wp-content\/uploads\/2016\/09\/1-71-150x90.jpg\" class=\"attachment-thumbnail size-thumbnail\" alt=\"\" srcset=\"https:\/\/archive.sana.sy\/tr\/wp-content\/uploads\/2016\/09\/1-71-150x90.jpg 150w, https:\/\/archive.sana.sy\/tr\/wp-content\/uploads\/2016\/09\/1-71-300x180.jpg 300w, https:\/\/archive.sana.sy\/tr\/wp-content\/uploads\/2016\/09\/1-71.jpg 552w\" sizes=\"auto, (max-width: 150px) 100vw, 150px\" \/><\/a>\n\t\t\t<\/div><\/figure>\n\t\t<\/div>\n\n","protected":false},"excerpt":{"rendered":"<p>DEYREZZOR \u2013 I\u015e\u0130D\u2019e kar\u015f\u0131 m\u00fccadele iddias\u0131 alt\u0131nda Suriye&#8217;de altyap\u0131 ve hizmet kurumlar\u0131na y\u00f6nelik d\u00fc\u015fmanc\u0131 sald\u0131r\u0131lar\u0131n\u0131 s\u00fcrd\u00fcren ABD komutas\u0131ndaki uluslar aras\u0131 koalisyon g\u00fc\u00e7leri Deyrezzor k\u0131rsal\u0131nda F\u0131rat Nehri \u00fczerinde iki \u00f6nemli k\u00f6pr\u00fcy\u00fc bombalad\u0131. SANA\u2019n\u0131n Deyrezzor muhabiri Deyrezzor k\u0131rsal\u0131nda F\u0131rat nehrinin iki yakas\u0131n\u0131 birbirinden ay\u0131rma amac\u0131yla koalisyon u\u00e7aklar\u0131n\u0131n Meyadin K\u00f6pr\u00fcs\u00fcn\u00fc havaya u\u00e7urmalar\u0131 ard\u0131ndan birka\u00e7 saat sonra A\u015fara K\u00f6pr\u00fcs\u00fcn\u00fc &hellip;<\/p>\n","protected":false},"author":1,"featured_media":89516,"comment_status":"closed","ping_status":"closed","sticky":false,"template":"","format":"standard","meta":{"footnotes":""},"categories":[479,575,17988,478],"tags":[19160,18576,2494,24011,22518,24272,19043,24271],"class_list":["post-89511","post","type-post","status-publish","format-standard","has-post-thumbnail","","category-haberler-yerel","category-olaylar-ve-gercekler","category-son-haberler","category-yerel","tag-abd-koalisyonu","tag-daes","tag-deyrezzor","tag-iside-karsi-savas","tag-koalisyon-gucleri","tag-savas-ucaklari-bombaladi","tag-suriyede-son-durum","tag-suriyenin-dogusu"],"_links":{"self":[{"href":"https:\/\/archive.sana.sy\/tr\/index.php?rest_route=\/wp\/v2\/posts\/89511","targetHints":{"allow":["GET"]}}],"collection":[{"href":"https:\/\/archive.sana.sy\/tr\/index.php?rest_route=\/wp\/v2\/posts"}],"about":[{"href":"https:\/\/archive.sana.sy\/tr\/index.php?rest_route=\/wp\/v2\/types\/post"}],"author":[{"embeddable":true,"href":"https:\/\/archive.sana.sy\/tr\/index.php?rest_route=\/wp\/v2\/users\/1"}],"replies":[{"embeddable":true,"href":"https:\/\/archive.sana.sy\/tr\/index.php?rest_route=%2Fwp%2Fv2%2Fcomments&post=89511"}],"version-history":[{"count":0,"href":"https:\/\/archive.sana.sy\/tr\/index.php?rest_route=\/wp\/v2\/posts\/89511\/revisions"}],"wp:featuredmedia":[{"embeddable":true,"href":"https:\/\/archive.sana.sy\/tr\/index.php?rest_route=\/wp\/v2\/media\/89516"}],"wp:attachment":[{"href":"https:\/\/archive.sana.sy\/tr\/index.php?rest_route=%2Fwp%2Fv2%2Fmedia&parent=89511"}],"wp:term":[{"taxonomy":"category","embeddable":true,"href":"https:\/\/archive.sana.sy\/tr\/index.php?rest_route=%2Fwp%2Fv2%2Fcategories&post=89511"},{"taxonomy":"post_tag","embeddable":true,"href":"https:\/\/archive.sana.sy\/tr\/index.php?rest_route=%2Fwp%2Fv2%2Ftags&post=89511"}],"curies":[{"name":"wp","href":"https:\/\/api.w.org\/{rel}","templated":true}]}}