{"id":89512,"date":"2016-09-28T08:56:43","date_gmt":"2016-09-28T05:56:43","guid":{"rendered":"http:\/\/www.sana.sy\/tr\/?p=89512"},"modified":"2016-09-30T15:20:32","modified_gmt":"2016-09-30T12:20:32","slug":"filistinli-multecilerin-pasaport-harclari-yeniden-duzenlendi","status":"publish","type":"post","link":"https:\/\/archive.sana.sy\/tr\/?p=89512","title":{"rendered":"Filistinli M\u00fcltecilerin Pasaport Har\u00e7lar\u0131 Yeniden D\u00fczenlendi"},"content":{"rendered":"<p>\u015eAM \u2013 Cumhurba\u015fkan\u0131 Be\u015f\u015far el Esad bug\u00fcn, Suriye&#8217;de ya\u015fayan Filistinli m\u00fcltecilerin pasaport ya da yurtd\u0131\u015f\u0131 yolculuk belgelerinin har\u00e7lar\u0131na ili\u015fkin 2014\/18 say\u0131l\u0131 kanunnamenin bir k\u0131s\u0131m bentlerinin yeniden d\u00fczenlenmesini \u00f6ng\u00f6ren 2016\/29 say\u0131l\u0131 yasama karar\u0131n\u0131 onaylad\u0131.<\/p>\n<p>Yeni d\u00fczenlemelere g\u00f6re Filistinli m\u00fcltecilerin pasaport veya yurtd\u0131\u015f\u0131 yolculuk belgesi ya da ge\u00e7i\u015f belgesi harc\u0131 10 bin Suriye liras\u0131 belirlenirken, talep \u00fczerine acil pasaport yada yurtd\u0131\u015f\u0131 yolculuk belgesi harc\u0131 25 bin Suriye liras\u0131 olarak belirlendi.<\/p>\n","protected":false},"excerpt":{"rendered":"<p>\u015eAM \u2013 Cumhurba\u015fkan\u0131 Be\u015f\u015far el Esad bug\u00fcn, Suriye&#8217;de ya\u015fayan Filistinli m\u00fcltecilerin pasaport ya da yurtd\u0131\u015f\u0131 yolculuk belgelerinin har\u00e7lar\u0131na ili\u015fkin 2014\/18 say\u0131l\u0131 kanunnamenin bir k\u0131s\u0131m bentlerinin yeniden d\u00fczenlenmesini \u00f6ng\u00f6ren 2016\/29 say\u0131l\u0131 yasama karar\u0131n\u0131 onaylad\u0131. Yeni d\u00fczenlemelere g\u00f6re Filistinli m\u00fcltecilerin pasaport veya yurtd\u0131\u015f\u0131 yolculuk belgesi ya da ge\u00e7i\u015f belgesi harc\u0131 10 bin Suriye liras\u0131 belirlenirken, talep \u00fczerine &hellip;<\/p>\n","protected":false},"author":1,"featured_media":87010,"comment_status":"closed","ping_status":"closed","sticky":false,"template":"","format":"standard","meta":{"footnotes":""},"categories":[479,605,17988,612,599,478],"tags":[17256,18340,24273,24274,19844,24119],"class_list":["post-89512","post","type-post","status-publish","format-standard","has-post-thumbnail","","category-haberler-yerel","category-sayin-cumhurbaskani","category-son-haberler","category-yasama-kararnameler","category-yasama-ve-kanunlar","category-yerel","tag-bessar-el-esad","tag-filistinli-multeciler","tag-filistinli-multecilerin-pasaport-harclari-yeniden-duzenlendi","tag-pasaport-harci","tag-suriye-arap-cumhuriyeti","tag-suriye-lideri"],"_links":{"self":[{"href":"https:\/\/archive.sana.sy\/tr\/index.php?rest_route=\/wp\/v2\/posts\/89512","targetHints":{"allow":["GET"]}}],"collection":[{"href":"https:\/\/archive.sana.sy\/tr\/index.php?rest_route=\/wp\/v2\/posts"}],"about":[{"href":"https:\/\/archive.sana.sy\/tr\/index.php?rest_route=\/wp\/v2\/types\/post"}],"author":[{"embeddable":true,"href":"https:\/\/archive.sana.sy\/tr\/index.php?rest_route=\/wp\/v2\/users\/1"}],"replies":[{"embeddable":true,"href":"https:\/\/archive.sana.sy\/tr\/index.php?rest_route=%2Fwp%2Fv2%2Fcomments&post=89512"}],"version-history":[{"count":0,"href":"https:\/\/archive.sana.sy\/tr\/index.php?rest_route=\/wp\/v2\/posts\/89512\/revisions"}],"wp:featuredmedia":[{"embeddable":true,"href":"https:\/\/archive.sana.sy\/tr\/index.php?rest_route=\/wp\/v2\/media\/87010"}],"wp:attachment":[{"href":"https:\/\/archive.sana.sy\/tr\/index.php?rest_route=%2Fwp%2Fv2%2Fmedia&parent=89512"}],"wp:term":[{"taxonomy":"category","embeddable":true,"href":"https:\/\/archive.sana.sy\/tr\/index.php?rest_route=%2Fwp%2Fv2%2Fcategories&post=89512"},{"taxonomy":"post_tag","embeddable":true,"href":"https:\/\/archive.sana.sy\/tr\/index.php?rest_route=%2Fwp%2Fv2%2Ftags&post=89512"}],"curies":[{"name":"wp","href":"https:\/\/api.w.org\/{rel}","templated":true}]}}