{"id":89535,"date":"2016-09-28T10:00:24","date_gmt":"2016-09-28T07:00:24","guid":{"rendered":"http:\/\/www.sana.sy\/tr\/?p=89535"},"modified":"2016-09-30T15:19:28","modified_gmt":"2016-09-30T12:19:28","slug":"erdogan-gucleri-aralarinda-cocuklarin-bulundugu-9-sivili-oldurdu","status":"publish","type":"post","link":"https:\/\/archive.sana.sy\/tr\/?p=89535","title":{"rendered":"Erdo\u011fan G\u00fc\u00e7leri Aralar\u0131nda \u00c7ocuklar\u0131n Bulundu\u011fu 9 Sivili \u00d6ld\u00fcrd\u00fc"},"content":{"rendered":"<p>HASEKE \u2013 Radikal M\u00fcsl\u00fcman Karde\u015fler ideolojisine sahip Erdo\u011fan rejimine tabi g\u00fc\u00e7ler; bu rejiminin Suriye&#8217;de radikal ter\u00f6re askeri ve lojistik deste\u011fin yan\u0131 s\u0131ra I\u015e\u0130D ile \u00e7al\u0131nt\u0131 petrol ve daha ba\u015fka \u015feylerin ka\u00e7\u0131r\u0131ld\u0131\u011f\u0131 b\u00f6lgeye d\u00f6n\u00fc\u015ft\u00fcrd\u00fc\u011f\u00fc Haseke k\u0131rsal\u0131 s\u0131n\u0131r b\u00f6lgesinde Suriyeli en az 9 sivil vatanda\u015f\u0131 katletti.<\/p>\n<p>Yerel kaynaklar SANA\u2019ya a\u00e7\u0131klamalar\u0131nda Erdo\u011fan ordusunun Haseke k\u0131rsal\u0131n\u0131n Rasulayn ile Tel Abyad kentleri aras\u0131na d\u00fc\u015fen Kheyla K\u00f6y\u00fc yak\u0131nlar\u0131nda sivillerden ibaret bir grup insan\u0131 otomatik silahlarla tarad\u0131klar\u0131n\u0131 aktard\u0131. Kaynaklar a\u00e7\u0131lan ate\u015f sonucunda aralar\u0131nda \u00e7ocuklar\u0131n bulundu\u011fu en az 9 sivilin \u00f6ld\u00fc\u011f\u00fc, bir\u00e7ok sivilin de yaraland\u0131\u011f\u0131n\u0131 belirtti.<\/p>\n<p>Katliamdan kurtulan bir k\u0131s\u0131m vatanda\u015flar tedavi i\u00e7in kald\u0131r\u0131ld\u0131klar\u0131 Rasulayn Hastanesinde yapt\u0131klar\u0131 a\u00e7\u0131klamalarda; Erdo\u011fan askerlerinin s\u0131n\u0131r \u015feridine yakla\u015fan silahs\u0131z sivilleri otomatik silahlarla geli\u015fig\u00fczel tarad\u0131klar\u0131n\u0131 kaydetti.<\/p>\n<p>T\u00fcrkiye&#8217;yi d\u00fcnyan\u0131n her yerinden gelen az\u0131l\u0131 radikal ter\u00f6ristler i\u00e7in g\u00fcvenli bar\u0131nak ve e\u011fitim kamp\u0131na d\u00f6n\u00fc\u015ft\u00fcren Erdo\u011fan rejimi, g\u00f6z\u00fc d\u00f6nm\u00fc\u015f bu az\u0131l\u0131 katillerin Suriye&#8217;ye girmeleri ve katliamlarda bulunmalar\u0131 i\u00e7in s\u0131n\u0131r b\u00f6lgelerini ter\u00f6r karargahlar\u0131na d\u00f6n\u00fc\u015ft\u00fcr\u00fcrken, I\u015e\u0130D, Nusra Cephesi, Ahrar el \u015eam \u0130slami Hareketi ve daha ba\u015fka radikal ter\u00f6r \u00f6rg\u00fctlere tank dahil her t\u00fcrl\u00fc askeri ve lojistik destek temin etme ge\u00e7itleri haline getirdi.<\/p>\n","protected":false},"excerpt":{"rendered":"<p>HASEKE \u2013 Radikal M\u00fcsl\u00fcman Karde\u015fler ideolojisine sahip Erdo\u011fan rejimine tabi g\u00fc\u00e7ler; bu rejiminin Suriye&#8217;de radikal ter\u00f6re askeri ve lojistik deste\u011fin yan\u0131 s\u0131ra I\u015e\u0130D ile \u00e7al\u0131nt\u0131 petrol ve daha ba\u015fka \u015feylerin ka\u00e7\u0131r\u0131ld\u0131\u011f\u0131 b\u00f6lgeye d\u00f6n\u00fc\u015ft\u00fcrd\u00fc\u011f\u00fc Haseke k\u0131rsal\u0131 s\u0131n\u0131r b\u00f6lgesinde Suriyeli en az 9 sivil vatanda\u015f\u0131 katletti. Yerel kaynaklar SANA\u2019ya a\u00e7\u0131klamalar\u0131nda Erdo\u011fan ordusunun Haseke k\u0131rsal\u0131n\u0131n Rasulayn ile Tel &hellip;<\/p>\n","protected":false},"author":1,"featured_media":89540,"comment_status":"closed","ping_status":"closed","sticky":false,"template":"","format":"standard","meta":{"footnotes":""},"categories":[479,17988,2554,2555,478],"tags":[21965,19441,24283,24286,24284,24285,21248,24282,24281,24287],"class_list":["post-89535","post","type-post","status-publish","format-standard","has-post-thumbnail","","category-haberler-yerel","category-son-haberler","category-suriye-ve-dunya","category-suriye-ve-turkiye","category-yerel","tag-erdogan-gucleri","tag-haseke-kirsali","tag-radulayn","tag-sivilelre-ates-actilar","tag-suriye-sinrilari","tag-suriyelilere-ates-actilar","tag-tel-abyad","tag-turk-askerleri","tag-turk-ordusu","tag-turk-ordusu-suriyelilere-ates-acti"],"_links":{"self":[{"href":"https:\/\/archive.sana.sy\/tr\/index.php?rest_route=\/wp\/v2\/posts\/89535","targetHints":{"allow":["GET"]}}],"collection":[{"href":"https:\/\/archive.sana.sy\/tr\/index.php?rest_route=\/wp\/v2\/posts"}],"about":[{"href":"https:\/\/archive.sana.sy\/tr\/index.php?rest_route=\/wp\/v2\/types\/post"}],"author":[{"embeddable":true,"href":"https:\/\/archive.sana.sy\/tr\/index.php?rest_route=\/wp\/v2\/users\/1"}],"replies":[{"embeddable":true,"href":"https:\/\/archive.sana.sy\/tr\/index.php?rest_route=%2Fwp%2Fv2%2Fcomments&post=89535"}],"version-history":[{"count":0,"href":"https:\/\/archive.sana.sy\/tr\/index.php?rest_route=\/wp\/v2\/posts\/89535\/revisions"}],"wp:featuredmedia":[{"embeddable":true,"href":"https:\/\/archive.sana.sy\/tr\/index.php?rest_route=\/wp\/v2\/media\/89540"}],"wp:attachment":[{"href":"https:\/\/archive.sana.sy\/tr\/index.php?rest_route=%2Fwp%2Fv2%2Fmedia&parent=89535"}],"wp:term":[{"taxonomy":"category","embeddable":true,"href":"https:\/\/archive.sana.sy\/tr\/index.php?rest_route=%2Fwp%2Fv2%2Fcategories&post=89535"},{"taxonomy":"post_tag","embeddable":true,"href":"https:\/\/archive.sana.sy\/tr\/index.php?rest_route=%2Fwp%2Fv2%2Ftags&post=89535"}],"curies":[{"name":"wp","href":"https:\/\/api.w.org\/{rel}","templated":true}]}}