{"id":8954,"date":"2014-09-03T13:13:43","date_gmt":"2014-09-03T10:13:43","guid":{"rendered":"http:\/\/www.sana.sy\/tr\/?p=8954"},"modified":"2014-09-03T13:18:38","modified_gmt":"2014-09-03T10:18:38","slug":"muhtelif-illerden-183-kisi-yetkili-kurumlara-teslim-oldu","status":"publish","type":"post","link":"https:\/\/archive.sana.sy\/tr\/?p=8954","title":{"rendered":"Muhtelif \u0130llerden 183 Ki\u015fi Yetkili Kurumlara Teslim Oldu"},"content":{"rendered":"<p>\u015eAM \u2013 \u015eam, \u015eam K\u0131rsal\u0131, Lazkiye, Homs, Hama, Halep, Rakka, Dera, Deyrezzor ve \u0130dlib illerinden adlar\u0131 olaylara kar\u0131\u015fm\u0131\u015f 183 \u015fah\u0131s durumlar\u0131n\u0131n d\u00fczeltilmesi amac\u0131yla yetkili kurumlara teslim oldu.<\/p>\n<p>Ge\u00e7en A\u011fustos ay\u0131n\u0131n 30\u2019unda da Resten, Ce nder, Deyr Baalba, ve Homs\u2019un baz\u0131 semtlerinden adlar\u0131 olaylara kar\u0131\u015fm\u0131\u015f 40 ki\u015finin durumlar\u0131 d\u00fczeltilmi\u015fti.<\/p>\n","protected":false},"excerpt":{"rendered":"<p>\u015eAM \u2013 \u015eam, \u015eam K\u0131rsal\u0131, Lazkiye, Homs, Hama, Halep, Rakka, Dera, Deyrezzor ve \u0130dlib illerinden adlar\u0131 olaylara kar\u0131\u015fm\u0131\u015f 183 \u015fah\u0131s durumlar\u0131n\u0131n d\u00fczeltilmesi amac\u0131yla yetkili kurumlara teslim oldu. Ge\u00e7en A\u011fustos ay\u0131n\u0131n 30\u2019unda da Resten, Ce nder, Deyr Baalba, ve Homs\u2019un baz\u0131 semtlerinden adlar\u0131 olaylara kar\u0131\u015fm\u0131\u015f 40 ki\u015finin durumlar\u0131 d\u00fczeltilmi\u015fti.<\/p>\n","protected":false},"author":1,"featured_media":8958,"comment_status":"closed","ping_status":"closed","sticky":false,"template":"","format":"standard","meta":{"footnotes":""},"categories":[575],"tags":[2018],"class_list":["post-8954","post","type-post","status-publish","format-standard","has-post-thumbnail","","category-olaylar-ve-gercekler","tag-muhtelif-illerden-183-kisi-yetkili-kurumlara-teslim-oldu"],"_links":{"self":[{"href":"https:\/\/archive.sana.sy\/tr\/index.php?rest_route=\/wp\/v2\/posts\/8954","targetHints":{"allow":["GET"]}}],"collection":[{"href":"https:\/\/archive.sana.sy\/tr\/index.php?rest_route=\/wp\/v2\/posts"}],"about":[{"href":"https:\/\/archive.sana.sy\/tr\/index.php?rest_route=\/wp\/v2\/types\/post"}],"author":[{"embeddable":true,"href":"https:\/\/archive.sana.sy\/tr\/index.php?rest_route=\/wp\/v2\/users\/1"}],"replies":[{"embeddable":true,"href":"https:\/\/archive.sana.sy\/tr\/index.php?rest_route=%2Fwp%2Fv2%2Fcomments&post=8954"}],"version-history":[{"count":0,"href":"https:\/\/archive.sana.sy\/tr\/index.php?rest_route=\/wp\/v2\/posts\/8954\/revisions"}],"wp:featuredmedia":[{"embeddable":true,"href":"https:\/\/archive.sana.sy\/tr\/index.php?rest_route=\/wp\/v2\/media\/8958"}],"wp:attachment":[{"href":"https:\/\/archive.sana.sy\/tr\/index.php?rest_route=%2Fwp%2Fv2%2Fmedia&parent=8954"}],"wp:term":[{"taxonomy":"category","embeddable":true,"href":"https:\/\/archive.sana.sy\/tr\/index.php?rest_route=%2Fwp%2Fv2%2Fcategories&post=8954"},{"taxonomy":"post_tag","embeddable":true,"href":"https:\/\/archive.sana.sy\/tr\/index.php?rest_route=%2Fwp%2Fv2%2Ftags&post=8954"}],"curies":[{"name":"wp","href":"https:\/\/api.w.org\/{rel}","templated":true}]}}