{"id":89548,"date":"2016-09-28T12:30:51","date_gmt":"2016-09-28T09:30:51","guid":{"rendered":"http:\/\/www.sana.sy\/tr\/?p=89548"},"modified":"2016-09-29T13:49:50","modified_gmt":"2016-09-29T10:49:50","slug":"kahramanlarimiz-buyuk-zafere-kararli-ilerleyislerini-surduruyor-4","status":"publish","type":"post","link":"https:\/\/archive.sana.sy\/tr\/?p=89548","title":{"rendered":"Kahramanlar\u0131m\u0131z B\u00fcy\u00fck Zafere Kararl\u0131 \u0130lerleyi\u015flerini S\u00fcrd\u00fcr\u00fcyor (video)"},"content":{"rendered":"<p>\u0130LLER \u2013 Kahraman ordu birliklerimiz halk\u0131m\u0131z\u0131n deste\u011finden ve vatana duyduklar\u0131 b\u00fcy\u00fck ba\u011fl\u0131l\u0131ktan ald\u0131klar\u0131 azim ve g\u00fc\u00e7le silahl\u0131 ter\u00f6r gruplar\u0131n\u0131 \u00fclke topraklar\u0131ndan tamamen yok edecekleri b\u00fcy\u00fck zafere do\u011fru kararl\u0131 ilerleyi\u015flerini s\u00fcrd\u00fcr\u00fcyor.<\/p>\n<p><span style=\"color: #0000ff\">HALEP:<\/span><\/p>\n<p>SANA\u2019ya a\u00e7\u0131klama yapan askeri bir kaynak; hava g\u00fc\u00e7lerimizin Halep k\u0131rsal\u0131 Han Toman, Maarata, Daret \u0130zze\u2019nin bat\u0131s\u0131, K\u0131btan el Cebel, Babis, Kefar Hamra ve Hreytan k\u00f6y ve beldelerinde ter\u00f6ristlerin mevkileri ve ara\u00e7lar\u0131n\u0131 yo\u011fun ate\u015fe tutuklar\u0131n\u0131 ifade etti. Kaynak; hava operasyonlar\u0131nda y\u00fcksek say\u0131da ter\u00f6ristin \u00f6l\u00fc ve yaral\u0131 d\u00fc\u015f\u00fcr\u00fcl\u00fcp a\u011f\u0131r ve orta makineli silahlarla donat\u0131lm\u0131\u015f ara\u00e7lar\u0131n y\u00fckleriyle birlikte tamamen yok edildi\u011fine dikkat \u00e7ekti.<\/p>\n<p>Kaynak; Uluslararas\u0131 Halep Karayolunda da ordu birliklerimizin Kaide \u00d6rg\u00fct\u00fcn\u00fcn Suriye kolu Nusra Cephesine tabi bir komuta karargah\u0131na y\u00f6nelik nitelikli bir operasyon ger\u00e7ekle\u015ftirdiklerini belirtt. Kaynak; bombal\u0131 ara\u00e7 haz\u0131rlamada kullan\u0131lan bu karargah\u0131n muhtevalar\u0131yla birlikte tamamen imha edildi\u011fini s\u00f6zlerine ekledi.<\/p>\n<p>Ordu birliklerimizin Halep Kenti Selahattin Semtinde Nusra Cephesinin bir komuta karargah\u0131n\u0131 hedef ald\u0131klar\u0131n\u0131 kaydeden kaynek; karargahta aralar\u0131nda ter\u00f6r eleba\u015flar\u0131n\u0131n bulundu\u011fu bir\u00e7ok ter\u00f6risti \u00f6l\u00fc ve yaral\u0131 d\u00fc\u015f\u00fcrd\u00fcklerini s\u00f6yledi.<\/p>\n<p>Kaynak; buna e\u015f zamanl\u0131 olarak ordu birliklerimizin Eski Halep B\u00f6lgesinde tekfircilere ait 2 silah deposunu yok ettiklerini aktard\u0131.<\/p>\n<p><span style=\"color: #0000ff\">DEYRZZOR:<\/span><\/p>\n<p>\u00d6te yandan askeri kaynak; hava g\u00fc\u00e7lerimizin Deyrezzor k\u0131rsal\u0131n\u0131n Serda Da\u011f\u0131 civar\u0131 ve Deyrezzor Askeri Havaalan\u0131n do\u011fusuna ilaveten Cneyniye, H\u00fcseyiniye ve B\u011fayliye k\u00f6ylerinde I\u015e\u0130D\u2019in siper ve hareketlenmelerini hedef almalar\u0131yla \u00e7ok say\u0131da ter\u00f6risti \u00f6l\u00fc ve yaral\u0131 d\u00fc\u015f\u00fcr\u00fcp bir k\u0131sm\u0131 a\u011f\u0131r makineli silahlarla donat\u0131lm\u0131\u015f, bir k\u0131sm\u0131 z\u0131rhl\u0131 ara\u00e7lar\u0131n\u0131 imha ettiklerini s\u00f6yledi.<\/p>\n<p><span style=\"color: #0000ff\">\u0130DL\u0130B:<\/span><\/p>\n<p>Bu arada \u0130dlib\u2019te askeri kaynak; hava g\u00fc\u00e7lerimizin il k\u0131rsal\u0131n\u0131n g\u00fcneyinde Hama \u0130l idari s\u0131n\u0131rlar\u0131na yak\u0131n d\u00fc\u015fen Temania Beldesinde \u2018Fetih Ordusu\u2019 (Cey\u015ful Fetih) tekfircilerin toplanma yerleri ve mevkilerini hedef alarak te\u00f6rist ve cephane ta\u015f\u0131yan a\u011f\u0131r makineli silahla donat\u0131lm\u0131\u015f 3 ara\u00e7 ve 7 z\u0131rhl\u0131 arac\u0131n yan\u0131 s\u0131ra 2 komuta karargah\u0131n\u0131 muhtevalar\u0131yla birlikte imha ettiklerini a\u00e7\u0131klad\u0131.<\/p>\n<p><span style=\"color: #0000ff\">HAMA:<\/span><\/p>\n<p>Bu arada Hama k\u0131rsal\u0131n\u0131n kuzeyi At\u015fan, Zevr el Taybe, Muardes, Enyiz, Kebbariye, Tel el Zater ve Kbaybat Ebu el Huda k\u00f6y ve beldelerinde ter\u00f6ristlerin siper ve destek hatlar\u0131n\u0131 hedef alan hava g\u00fc\u00e7lerimiz; tekfircilerin saflar\u0131nda \u00e7ok say\u0131da ter\u00f6risti \u00f6l\u00fc ve yaral\u0131 d\u00fc\u015f\u00fcr\u00fcp tanklar ve a\u011f\u0131r makineli silahla donat\u0131lm\u0131\u015f onlarca arac\u0131 y\u00fckleriyle birlikte tamamen imha etti.<\/p>\n<p><span style=\"color: #0000ff\">HOMS:<\/span><\/p>\n<p>Di\u011fer yandan askeri kaynak; ordu birliklerimizin Homs k\u0131rsal\u0131n\u0131n kuzeyi Telbise, Resten, Keysin, Um \u015eer\u015fuh ve \u011eanto b\u00f6lgelerinde ter\u00f6r \u00f6rg\u00fctlere kar\u015f\u0131 nitelikli operasyonlar\u0131nda \u00e7ok say\u0131da te\u00f6risti \u00f6l\u00fc ve yaral\u0131 d\u00fc\u015f\u00fcr\u00fcp komuta karargahlar\u0131 ve muhtelif t\u00fcr makineli silahlarla donta\u0131lm\u0131\u015f ara\u00e7lar\u0131n\u0131 tamamen imha ettiklerini kaydetti.<\/p>\n<p><span style=\"color: #0000ff\">DERA:<\/span><\/p>\n<p>Dera\u2019da \u00dcrd\u00fcn\u2019\u00fcn ba\u015fkenti Amman\u2019da \u0130srail, Suudi Arabistan, Fransa, \u0130ngiltere, ABD, Katar ve Suriye halk\u0131na d\u00fc\u015fman daha ba\u015fka devletlerin istihbarat subaylar\u0131n\u0131n bulundu\u011fu operasyon odas\u0131ndan destek ve komuta alan Nusra Cephesi ve m\u00fcttefikleri di\u011fer ter\u00f6r \u00f6rg\u00fctlere kar\u015f\u0131 operasyonlar konusunda askeri kaynak; ordu birliklerimizin bug\u00fcn bu ter\u00f6ristler ait insans\u0131z u\u00e7aklar, ara\u00e7lar, karargahlar ve toplanma yerlerini imha ettiklerini kaydetti.<\/p>\n<p>Kaynak Dera\u2019nin g\u00fcneyinde Nazihin yerle\u015fim kamp\u0131 yolu \u00fczerinde Nusra Cephesine tabi ter\u00f6ristleri ta\u015f\u0131yan bir arac\u0131 havaya u\u00e7urduklar\u0131n\u0131 kaydederken, \u2018Ahrar Horan T\u00fcmenleri\u2019 adl\u0131 \u00e7etelerin komutan\u0131 Sabit el Mesalime ve \u2018Cund el Faruk Timenleri\u2019 adl\u0131 \u00e7etelerin komutan\u0131 H\u00fcsam Abazeyd\u2019in aralar\u0131nda bulundu\u011fu ara\u00e7taki t\u00fcm ter\u00f6ristlerin \u00f6ld\u00fcr\u00fcld\u00fc\u011f\u00fcn\u00fc belirtti.<\/p>\n<p>Dera k\u0131rsal\u0131n\u0131n kuzeydo\u011fusu Bostan K\u00f6y\u00fcnde siper kurma ve g\u00f6zetleme eylemlerinde bulunan ter\u00f6ristlerin yo\u011fun ate\u015fe tutularak say\u0131 ve ekipmanlar\u0131yla ciddi kay\u0131plara u\u011frat\u0131ld\u0131klar\u0131n\u0131 ifade eden kaynak; Dera Baraj\u0131n\u0131n do\u011fusu, Grez Cezaevinin yolu ve il k\u0131rsal\u0131n\u0131n do\u011fusu Nuayme Beldesinde benzer operasyonlarda yine radikal ter\u00f6ristlerin ciddi kay\u0131plara u\u011frat\u0131ld\u0131klar\u0131n\u0131 aktard\u0131.<\/p>\n<p>G\u00fcn\u00fcn erken saatlerinde ise kaynak ordu birliklerimizin Dera k\u0131rsal\u0131n\u0131n kuzeyinde Nusra Cephesine ait bir\u00e7ok bombal\u0131 insans\u0131z hava arac\u0131n\u0131 imha ettiklerini belirtti. Yine Dera k\u0131rsal\u0131n\u0131n kuzeyinde Dael ve Ebta eksenlerinden askeri noktalara sald\u0131r\u0131 giri\u015fimlerinin ba\u015far\u0131yla \u00e7\u00f6kertildi\u011fini ifade eden kaynak, \u00e7at\u0131\u015fmalarda aralar\u0131nda eleba\u015flar\u0131n bulundu\u011fu onlarca ter\u00f6ristin \u00f6l\u00fc yaral\u0131 d\u00fc\u015f\u00fcr\u00fcld\u00fc\u011f\u00fcn\u00fc, bir k\u0131sm\u0131 a\u011f\u0131r silahlarla donat\u0131lm\u0131\u015f bir\u00e7ok arac\u0131n da imha edildi\u011fini kaydetti.<\/p>\n<p>Dera Beled\u2019in muhtelif yerlerinde sabotaj eylemlerinde bulunan ter\u00f6ristlerin de ate\u015fe tutuldu\u011funu s\u00f6yleyen kaynak; burada da \u00e7ok say\u0131da ter\u00f6ristin ekipmanlar\u0131yla birlikte etkisizle\u015ftirildiklerini ekledi.<\/p>\n<p>Dael Beldesi do\u011fusunda ise ordu birliklerimizin Nusra Cephesinin siper, hareket ve mevkilerini hedef ald\u0131klar\u0131n\u0131 belirten kaynak; yine \u00e7ok say\u0131da ter\u00f6risti a\u011f\u0131r makineli silahlarla donat\u0131lm\u0131\u015f ara\u00e7lar\u0131yla birlikte imha ettiklerini s\u00f6yledi.<\/p>\n<p>https:\/\/www.youtube.com\/watch?v=O7XXbVzv29Q<\/p>\n","protected":false},"excerpt":{"rendered":"<p>\u0130LLER \u2013 Kahraman ordu birliklerimiz halk\u0131m\u0131z\u0131n deste\u011finden ve vatana duyduklar\u0131 b\u00fcy\u00fck ba\u011fl\u0131l\u0131ktan ald\u0131klar\u0131 azim ve g\u00fc\u00e7le silahl\u0131 ter\u00f6r gruplar\u0131n\u0131 \u00fclke topraklar\u0131ndan tamamen yok edecekleri b\u00fcy\u00fck zafere do\u011fru kararl\u0131 ilerleyi\u015flerini s\u00fcrd\u00fcr\u00fcyor. HALEP: SANA\u2019ya a\u00e7\u0131klama yapan askeri bir kaynak; hava g\u00fc\u00e7lerimizin Halep k\u0131rsal\u0131 Han Toman, Maarata, Daret \u0130zze\u2019nin bat\u0131s\u0131, K\u0131btan el Cebel, Babis, Kefar Hamra ve Hreytan &hellip;<\/p>\n","protected":false},"author":1,"featured_media":89549,"comment_status":"closed","ping_status":"closed","sticky":false,"template":"","format":"standard","meta":{"footnotes":""},"categories":[575,17988],"tags":[],"class_list":["post-89548","post","type-post","status-publish","format-standard","has-post-thumbnail","","category-olaylar-ve-gercekler","category-son-haberler"],"_links":{"self":[{"href":"https:\/\/archive.sana.sy\/tr\/index.php?rest_route=\/wp\/v2\/posts\/89548","targetHints":{"allow":["GET"]}}],"collection":[{"href":"https:\/\/archive.sana.sy\/tr\/index.php?rest_route=\/wp\/v2\/posts"}],"about":[{"href":"https:\/\/archive.sana.sy\/tr\/index.php?rest_route=\/wp\/v2\/types\/post"}],"author":[{"embeddable":true,"href":"https:\/\/archive.sana.sy\/tr\/index.php?rest_route=\/wp\/v2\/users\/1"}],"replies":[{"embeddable":true,"href":"https:\/\/archive.sana.sy\/tr\/index.php?rest_route=%2Fwp%2Fv2%2Fcomments&post=89548"}],"version-history":[{"count":0,"href":"https:\/\/archive.sana.sy\/tr\/index.php?rest_route=\/wp\/v2\/posts\/89548\/revisions"}],"wp:featuredmedia":[{"embeddable":true,"href":"https:\/\/archive.sana.sy\/tr\/index.php?rest_route=\/wp\/v2\/media\/89549"}],"wp:attachment":[{"href":"https:\/\/archive.sana.sy\/tr\/index.php?rest_route=%2Fwp%2Fv2%2Fmedia&parent=89548"}],"wp:term":[{"taxonomy":"category","embeddable":true,"href":"https:\/\/archive.sana.sy\/tr\/index.php?rest_route=%2Fwp%2Fv2%2Fcategories&post=89548"},{"taxonomy":"post_tag","embeddable":true,"href":"https:\/\/archive.sana.sy\/tr\/index.php?rest_route=%2Fwp%2Fv2%2Ftags&post=89548"}],"curies":[{"name":"wp","href":"https:\/\/api.w.org\/{rel}","templated":true}]}}