{"id":8961,"date":"2014-09-03T13:44:33","date_gmt":"2014-09-03T10:44:33","guid":{"rendered":"http:\/\/www.sana.sy\/tr\/?p=8961"},"modified":"2014-09-03T13:44:33","modified_gmt":"2014-09-03T10:44:33","slug":"butun-mulkiyet-dosyalarinin-ele-alinarak-haklarin-sahiplerine-ulastirilmasi-gerekiyor","status":"publish","type":"post","link":"https:\/\/archive.sana.sy\/tr\/?p=8961","title":{"rendered":"B\u00fct\u00fcn M\u00fclkiyet Dosyalar\u0131n\u0131n Ele Al\u0131narak Haklar\u0131n Sahiplerine Ula\u015ft\u0131r\u0131lmas\u0131 Gerekiyor"},"content":{"rendered":"<p>\u0130DL\u0130B \u2013 \u0130dlib Valisi Safvan Abu Sadi, Valilikteki Zararlar\u0131 Kar\u015f\u0131lama Komitesinden, zarar g\u00f6renlere en k\u0131sa zamanda tazminat verilmesi hedefiyle haklar\u0131n sahiplerine yeti\u015ftirilmesi ve b\u00fct\u00fcn m\u00fclkiyet dosyalar\u0131n\u0131n ara\u015ft\u0131r\u0131lmas\u0131 talebinde bulundu.<\/p>\n<p>Abu Sadi, Komiteyle d\u00fczenledi\u011fi toplant\u0131da ke\u015fif eylemlerinde \u00f6rg\u00fctl\u00fc \u00e7al\u0131\u015fma programlar\u0131 ve temellerinin itimat edilmesi takdir eyleminde olu\u015fan hatalar\u0131n a\u015f\u0131lmas\u0131 ile ger\u00e7ekle mutab\u0131k olmas\u0131 kayd\u0131yla baz\u0131 zarar tahminlerinin yeniden g\u00f6zden ge\u00e7irilmesi zorunlulu\u011funu vurgulad\u0131.<\/p>\n<p>Vali, Komiteye sunulan dilek\u00e7elerde zarar t\u00fcr\u00fc ve yerinin belirlenmesi gerekti\u011fini belirterek Belediye ke\u015ffiyle polis tutana\u011f\u0131, m\u00fclkiyet tapusu ve has\u0131l olan zararlar \u0131\u015f\u0131\u011f\u0131nda \u0130l Emniyet M\u00fcd\u00fcrl\u00fc\u011f\u00fc ve Ke\u015fif \u0130dare Birli\u011fine havale edilerek g\u00f6r\u00fc\u015f bildirece\u011fini a\u00e7\u0131klad\u0131.<\/p>\n","protected":false},"excerpt":{"rendered":"<p>\u0130DL\u0130B \u2013 \u0130dlib Valisi Safvan Abu Sadi, Valilikteki Zararlar\u0131 Kar\u015f\u0131lama Komitesinden, zarar g\u00f6renlere en k\u0131sa zamanda tazminat verilmesi hedefiyle haklar\u0131n sahiplerine yeti\u015ftirilmesi ve b\u00fct\u00fcn m\u00fclkiyet dosyalar\u0131n\u0131n ara\u015ft\u0131r\u0131lmas\u0131 talebinde bulundu. Abu Sadi, Komiteyle d\u00fczenledi\u011fi toplant\u0131da ke\u015fif eylemlerinde \u00f6rg\u00fctl\u00fc \u00e7al\u0131\u015fma programlar\u0131 ve temellerinin itimat edilmesi takdir eyleminde olu\u015fan hatalar\u0131n a\u015f\u0131lmas\u0131 ile ger\u00e7ekle mutab\u0131k olmas\u0131 kayd\u0131yla baz\u0131 zarar &hellip;<\/p>\n","protected":false},"author":1,"featured_media":8962,"comment_status":"closed","ping_status":"closed","sticky":false,"template":"","format":"standard","meta":{"footnotes":""},"categories":[479,478],"tags":[2019],"class_list":["post-8961","post","type-post","status-publish","format-standard","has-post-thumbnail","","category-haberler-yerel","category-yerel","tag-butun-mulkiyet-dosyalarinin-ele-alinarak-haklarin-sahiplerine-ulastirilmasi-gerekiyor"],"_links":{"self":[{"href":"https:\/\/archive.sana.sy\/tr\/index.php?rest_route=\/wp\/v2\/posts\/8961","targetHints":{"allow":["GET"]}}],"collection":[{"href":"https:\/\/archive.sana.sy\/tr\/index.php?rest_route=\/wp\/v2\/posts"}],"about":[{"href":"https:\/\/archive.sana.sy\/tr\/index.php?rest_route=\/wp\/v2\/types\/post"}],"author":[{"embeddable":true,"href":"https:\/\/archive.sana.sy\/tr\/index.php?rest_route=\/wp\/v2\/users\/1"}],"replies":[{"embeddable":true,"href":"https:\/\/archive.sana.sy\/tr\/index.php?rest_route=%2Fwp%2Fv2%2Fcomments&post=8961"}],"version-history":[{"count":0,"href":"https:\/\/archive.sana.sy\/tr\/index.php?rest_route=\/wp\/v2\/posts\/8961\/revisions"}],"wp:featuredmedia":[{"embeddable":true,"href":"https:\/\/archive.sana.sy\/tr\/index.php?rest_route=\/wp\/v2\/media\/8962"}],"wp:attachment":[{"href":"https:\/\/archive.sana.sy\/tr\/index.php?rest_route=%2Fwp%2Fv2%2Fmedia&parent=8961"}],"wp:term":[{"taxonomy":"category","embeddable":true,"href":"https:\/\/archive.sana.sy\/tr\/index.php?rest_route=%2Fwp%2Fv2%2Fcategories&post=8961"},{"taxonomy":"post_tag","embeddable":true,"href":"https:\/\/archive.sana.sy\/tr\/index.php?rest_route=%2Fwp%2Fv2%2Ftags&post=8961"}],"curies":[{"name":"wp","href":"https:\/\/api.w.org\/{rel}","templated":true}]}}