{"id":89620,"date":"2016-09-29T19:30:02","date_gmt":"2016-09-29T16:30:02","guid":{"rendered":"http:\/\/www.sana.sy\/tr\/?p=89620"},"modified":"2016-09-30T15:13:32","modified_gmt":"2016-09-30T12:13:32","slug":"gaddar-saldirilarda-yine-sehit-ve-yarali-var-2","status":"publish","type":"post","link":"https:\/\/archive.sana.sy\/tr\/?p=89620","title":{"rendered":"Gaddar Sald\u0131r\u0131larda Yine \u015eehit ve Yaral\u0131 Var"},"content":{"rendered":"<p>\u0130LLER \u2013 Bat\u0131l\u0131 ve b\u00f6lgesel devletlerin sava\u015ft\u0131klar\u0131n\u0131 iddia ettikleri bir zamanda ona destek verdi\u011finin de\u015fifre edildi\u011fi I\u015e\u0130D\u2019li ter\u00f6ristler ve ayn\u0131 devletler taraf\u0131ndan \u2018mutedil muhalifler\u2019 ad\u0131 verilen ter\u00f6ristler bug\u00fcn de muhtelif b\u00f6lgelerde vatanda\u015flara sald\u0131r\u0131lar\u0131n\u0131 s\u00fcrd\u00fcrd\u00fc.<\/p>\n<p><span style=\"color: #0000ff\">HALEP:<\/span><\/p>\n<p>Halep\u2019te \u2018mutedil muhalifler\u2019 olduklar\u0131 iddia edilen ve her t\u00fcrl\u00fc destek temin edilen eli kanl\u0131 az\u0131l\u0131 ter\u00f6r \u00f6rg\u00fctleri Halep Kentinin Hamadaniye Semtini f\u00fcze ya\u011fmuruna tuttular.<\/p>\n<p>Halep Emniyet M\u00fcd\u00fcrl\u00fc\u011f\u00fcnde bir kaynak; ter\u00f6ristlerin sald\u0131r\u0131lar\u0131nda aralar\u0131nda 3 \u00e7ocuk ve 2 kad\u0131n\u0131n bulundu\u011fu 12 sivil vatanda\u015f\u0131n yaraland\u0131\u011f\u0131n\u0131 belirtirken, bir\u00e7ok evin hasar g\u00f6rmesi sonucunda masum insanlar\u0131n evsiz barks\u0131z kald\u0131klar\u0131na vurgu yapt\u0131.<\/p>\n<p><span style=\"color: #0000ff\">DEYREZZOR<\/span><\/p>\n<p>SANA\u2019n\u0131n Deyrezzor muhabiri; I\u015e\u0130D\u2019li radikal ter\u00f6ristlerin bug\u00fcn Deyrezzor Kentinin sivil yerle\u015fim alanlar\u0131ndan Cura Semtine 7 f\u00fczeyle sald\u0131rd\u0131klar\u0131n\u0131 aktard\u0131.<\/p>\n<p>Muhabir sald\u0131r\u0131 sonucunda bir ki\u015finin \u015fehit, 4 ki\u015finin de yaral\u0131 d\u00fc\u015ft\u00fc\u011f\u00fcn\u00fc kaydederken, vatanda\u015flar\u0131n evlerinde b\u00fcy\u00fck hasarlar\u0131n olu\u015ftu\u011funa dikkat \u00e7ekti.<\/p>\n","protected":false},"excerpt":{"rendered":"<p>\u0130LLER \u2013 Bat\u0131l\u0131 ve b\u00f6lgesel devletlerin sava\u015ft\u0131klar\u0131n\u0131 iddia ettikleri bir zamanda ona destek verdi\u011finin de\u015fifre edildi\u011fi I\u015e\u0130D\u2019li ter\u00f6ristler ve ayn\u0131 devletler taraf\u0131ndan \u2018mutedil muhalifler\u2019 ad\u0131 verilen ter\u00f6ristler bug\u00fcn de muhtelif b\u00f6lgelerde vatanda\u015flara sald\u0131r\u0131lar\u0131n\u0131 s\u00fcrd\u00fcrd\u00fc. HALEP: Halep\u2019te \u2018mutedil muhalifler\u2019 olduklar\u0131 iddia edilen ve her t\u00fcrl\u00fc destek temin edilen eli kanl\u0131 az\u0131l\u0131 ter\u00f6r \u00f6rg\u00fctleri Halep Kentinin Hamadaniye &hellip;<\/p>\n","protected":false},"author":1,"featured_media":82383,"comment_status":"closed","ping_status":"closed","sticky":false,"template":"","format":"standard","meta":{"footnotes":""},"categories":[479,575,17988,478],"tags":[24311],"class_list":["post-89620","post","type-post","status-publish","format-standard","has-post-thumbnail","","category-haberler-yerel","category-olaylar-ve-gercekler","category-son-haberler","category-yerel","tag-gaddar-saldirilarda-yine-sehit-ve-yarali-var"],"_links":{"self":[{"href":"https:\/\/archive.sana.sy\/tr\/index.php?rest_route=\/wp\/v2\/posts\/89620","targetHints":{"allow":["GET"]}}],"collection":[{"href":"https:\/\/archive.sana.sy\/tr\/index.php?rest_route=\/wp\/v2\/posts"}],"about":[{"href":"https:\/\/archive.sana.sy\/tr\/index.php?rest_route=\/wp\/v2\/types\/post"}],"author":[{"embeddable":true,"href":"https:\/\/archive.sana.sy\/tr\/index.php?rest_route=\/wp\/v2\/users\/1"}],"replies":[{"embeddable":true,"href":"https:\/\/archive.sana.sy\/tr\/index.php?rest_route=%2Fwp%2Fv2%2Fcomments&post=89620"}],"version-history":[{"count":0,"href":"https:\/\/archive.sana.sy\/tr\/index.php?rest_route=\/wp\/v2\/posts\/89620\/revisions"}],"wp:featuredmedia":[{"embeddable":true,"href":"https:\/\/archive.sana.sy\/tr\/index.php?rest_route=\/wp\/v2\/media\/82383"}],"wp:attachment":[{"href":"https:\/\/archive.sana.sy\/tr\/index.php?rest_route=%2Fwp%2Fv2%2Fmedia&parent=89620"}],"wp:term":[{"taxonomy":"category","embeddable":true,"href":"https:\/\/archive.sana.sy\/tr\/index.php?rest_route=%2Fwp%2Fv2%2Fcategories&post=89620"},{"taxonomy":"post_tag","embeddable":true,"href":"https:\/\/archive.sana.sy\/tr\/index.php?rest_route=%2Fwp%2Fv2%2Ftags&post=89620"}],"curies":[{"name":"wp","href":"https:\/\/api.w.org\/{rel}","templated":true}]}}