{"id":8964,"date":"2014-09-03T14:27:12","date_gmt":"2014-09-03T11:27:12","guid":{"rendered":"http:\/\/www.sana.sy\/tr\/?p=8964"},"modified":"2014-09-03T14:27:12","modified_gmt":"2014-09-03T11:27:12","slug":"haydar-suriye-evrensel-bir-komploya-maruz-kaliyor","status":"publish","type":"post","link":"https:\/\/archive.sana.sy\/tr\/?p=8964","title":{"rendered":"Haydar: Suriye Evrensel Bir Komploya Maruz Kal\u0131yor"},"content":{"rendered":"<p>\u015eAM \u2013 Uzla\u015fma \u0130\u015flerinden Sorumlu Devlet Bakan\u0131 Ali Haydar, Filistin Kurtulu\u015f \u00d6rg\u00fct\u00fc Siyasi Daire M\u00fcd\u00fcr\u00fc Enver Abd\u00fclhadi ile bir araya gelerek, Suriye&#8217;de bulunan Filistinlilerin durumu ve Suriye h\u00fck\u00fcmetinin ba\u015fta Yerm\u00fck semti sakinleri olmak \u00fczere herhangi bir ay\u0131r\u0131m yapmaks\u0131z\u0131n b\u00fct\u00fcn vatanda\u015flar\u0131n\u0131n temel ihtiya\u00e7lar\u0131n\u0131 kar\u015f\u0131lama \u00e7al\u0131\u015fmalar\u0131n\u0131 incelediler.<\/p>\n<p>Yerm\u00fck semti sakinlerine yard\u0131m ula\u015ft\u0131r\u0131lmas\u0131n\u0131n \u00f6n\u00fcndeki en b\u00fcy\u00fck engelin silahl\u0131 ter\u00f6r gruplar\u0131 oldu\u011funu ifade eden Haydar; silahl\u0131 ter\u00f6r gruplar\u0131n\u0131n ayr\u0131ca yerel uzla\u015fma g\u00f6r\u00fc\u015fmelerinin de \u00f6n\u00fcn\u00fc t\u0131kamaya \u00e7al\u0131\u015ft\u0131\u011f\u0131n\u0131 belirtti.<\/p>\n<p>Suriye\u2019nin evrensel bir komploya maruz kald\u0131\u011f\u0131na dikkat \u00e7eken Haydar; bu komplonun, Suriye\u2019nin Filistin halk\u0131ndan yana ve adil davalardan yana tutumu nedeniyle kuruldu\u011funu belirtti.<\/p>\n<p>\u00d6te yandan Suriye\u2019nin ya\u015famakta oldu\u011fu krizden biran \u00f6nce ve b\u00fcy\u00fck bir zaferle \u00e7\u0131kmas\u0131n\u0131 temenni eden Abd\u00fclhadi; Suriye halk\u0131n\u0131n kazanaca\u011f\u0131 b\u00fcy\u00fck zafer ayn\u0131 zamanda Filistin halk\u0131n\u0131n da zaferi olaca\u011f\u0131n\u0131 vurgulad\u0131.<\/p>\n","protected":false},"excerpt":{"rendered":"<p>\u015eAM \u2013 Uzla\u015fma \u0130\u015flerinden Sorumlu Devlet Bakan\u0131 Ali Haydar, Filistin Kurtulu\u015f \u00d6rg\u00fct\u00fc Siyasi Daire M\u00fcd\u00fcr\u00fc Enver Abd\u00fclhadi ile bir araya gelerek, Suriye&#8217;de bulunan Filistinlilerin durumu ve Suriye h\u00fck\u00fcmetinin ba\u015fta Yerm\u00fck semti sakinleri olmak \u00fczere herhangi bir ay\u0131r\u0131m yapmaks\u0131z\u0131n b\u00fct\u00fcn vatanda\u015flar\u0131n\u0131n temel ihtiya\u00e7lar\u0131n\u0131 kar\u015f\u0131lama \u00e7al\u0131\u015fmalar\u0131n\u0131 incelediler. Yerm\u00fck semti sakinlerine yard\u0131m ula\u015ft\u0131r\u0131lmas\u0131n\u0131n \u00f6n\u00fcndeki en b\u00fcy\u00fck engelin silahl\u0131 &hellip;<\/p>\n","protected":false},"author":1,"featured_media":8965,"comment_status":"closed","ping_status":"closed","sticky":false,"template":"","format":"standard","meta":{"footnotes":""},"categories":[479,447,478],"tags":[2020],"class_list":["post-8964","post","type-post","status-publish","format-standard","has-post-thumbnail","","category-haberler-yerel","category-politika","category-yerel","tag-haydar-suriye-evrensel-bir-komploya-maruz-kaliyor"],"_links":{"self":[{"href":"https:\/\/archive.sana.sy\/tr\/index.php?rest_route=\/wp\/v2\/posts\/8964","targetHints":{"allow":["GET"]}}],"collection":[{"href":"https:\/\/archive.sana.sy\/tr\/index.php?rest_route=\/wp\/v2\/posts"}],"about":[{"href":"https:\/\/archive.sana.sy\/tr\/index.php?rest_route=\/wp\/v2\/types\/post"}],"author":[{"embeddable":true,"href":"https:\/\/archive.sana.sy\/tr\/index.php?rest_route=\/wp\/v2\/users\/1"}],"replies":[{"embeddable":true,"href":"https:\/\/archive.sana.sy\/tr\/index.php?rest_route=%2Fwp%2Fv2%2Fcomments&post=8964"}],"version-history":[{"count":0,"href":"https:\/\/archive.sana.sy\/tr\/index.php?rest_route=\/wp\/v2\/posts\/8964\/revisions"}],"wp:featuredmedia":[{"embeddable":true,"href":"https:\/\/archive.sana.sy\/tr\/index.php?rest_route=\/wp\/v2\/media\/8965"}],"wp:attachment":[{"href":"https:\/\/archive.sana.sy\/tr\/index.php?rest_route=%2Fwp%2Fv2%2Fmedia&parent=8964"}],"wp:term":[{"taxonomy":"category","embeddable":true,"href":"https:\/\/archive.sana.sy\/tr\/index.php?rest_route=%2Fwp%2Fv2%2Fcategories&post=8964"},{"taxonomy":"post_tag","embeddable":true,"href":"https:\/\/archive.sana.sy\/tr\/index.php?rest_route=%2Fwp%2Fv2%2Ftags&post=8964"}],"curies":[{"name":"wp","href":"https:\/\/api.w.org\/{rel}","templated":true}]}}