{"id":89715,"date":"2016-09-30T14:19:08","date_gmt":"2016-09-30T11:19:08","guid":{"rendered":"http:\/\/www.sana.sy\/tr\/?p=89715"},"modified":"2016-09-30T14:19:08","modified_gmt":"2016-09-30T11:19:08","slug":"rusya-baskanlik-sarayi-kremlin-baskan-vladimir-putinin-rus-guclerin-suriyede-terorle-mucadeleleri-icin-herhangi-bir-zaman-suresi-belirlemedigini-vurguladi-2","status":"publish","type":"post","link":"https:\/\/archive.sana.sy\/tr\/?p=89715","title":{"rendered":"Rusya Ba\u015fkanl\u0131k Saray\u0131 Kremlin; Ba\u015fkan Vladimir Putin\u2019in, Rus g\u00fc\u00e7lerin Suriye&#8217;de ter\u00f6rle m\u00fccadeleleri i\u00e7in herhangi bir zaman s\u00fcresi belirlemedi\u011fini vurgulad\u0131"},"content":{"rendered":"<p>Rusya Ba\u015fkanl\u0131k Saray\u0131 Kremlin; Ba\u015fkan Vladimir Putin\u2019in, Rus g\u00fc\u00e7lerin Suriye&#8217;de ter\u00f6rle m\u00fccadeleleri i\u00e7in herhangi bir zaman s\u00fcresi belirlemedi\u011fini vurgulad\u0131<\/p>\n","protected":false},"excerpt":{"rendered":"<p>Rusya Ba\u015fkanl\u0131k Saray\u0131 Kremlin; Ba\u015fkan Vladimir Putin\u2019in, Rus g\u00fc\u00e7lerin Suriye&#8217;de ter\u00f6rle m\u00fccadeleleri i\u00e7in herhangi bir zaman s\u00fcresi belirlemedi\u011fini vurgulad\u0131<\/p>\n","protected":false},"author":1,"featured_media":0,"comment_status":"closed","ping_status":"closed","sticky":false,"template":"","format":"standard","meta":{"footnotes":""},"categories":[17991],"tags":[],"class_list":["post-89715","post","type-post","status-publish","format-standard","","category-son-dakika"],"_links":{"self":[{"href":"https:\/\/archive.sana.sy\/tr\/index.php?rest_route=\/wp\/v2\/posts\/89715","targetHints":{"allow":["GET"]}}],"collection":[{"href":"https:\/\/archive.sana.sy\/tr\/index.php?rest_route=\/wp\/v2\/posts"}],"about":[{"href":"https:\/\/archive.sana.sy\/tr\/index.php?rest_route=\/wp\/v2\/types\/post"}],"author":[{"embeddable":true,"href":"https:\/\/archive.sana.sy\/tr\/index.php?rest_route=\/wp\/v2\/users\/1"}],"replies":[{"embeddable":true,"href":"https:\/\/archive.sana.sy\/tr\/index.php?rest_route=%2Fwp%2Fv2%2Fcomments&post=89715"}],"version-history":[{"count":0,"href":"https:\/\/archive.sana.sy\/tr\/index.php?rest_route=\/wp\/v2\/posts\/89715\/revisions"}],"wp:attachment":[{"href":"https:\/\/archive.sana.sy\/tr\/index.php?rest_route=%2Fwp%2Fv2%2Fmedia&parent=89715"}],"wp:term":[{"taxonomy":"category","embeddable":true,"href":"https:\/\/archive.sana.sy\/tr\/index.php?rest_route=%2Fwp%2Fv2%2Fcategories&post=89715"},{"taxonomy":"post_tag","embeddable":true,"href":"https:\/\/archive.sana.sy\/tr\/index.php?rest_route=%2Fwp%2Fv2%2Ftags&post=89715"}],"curies":[{"name":"wp","href":"https:\/\/api.w.org\/{rel}","templated":true}]}}