{"id":89719,"date":"2016-09-30T15:14:37","date_gmt":"2016-09-30T12:14:37","guid":{"rendered":"http:\/\/www.sana.sy\/tr\/?p=89719"},"modified":"2016-09-30T15:14:37","modified_gmt":"2016-09-30T12:14:37","slug":"askeri-kaynak-hava-guclerimizin-hama-kirsalinin-kuzeyi-atsan-skik-sase-tlaysiye-kebbariye-ve-suran-bolgelerinde-fetih-ordusuna-tabi-arac-ve-tanklari-imha-ederek-cok-sayida-teror","status":"publish","type":"post","link":"https:\/\/archive.sana.sy\/tr\/?p=89719","title":{"rendered":"Askeri kaynak; hava g\u00fc\u00e7lerimizin Hama k\u0131rsal\u0131n\u0131n kuzeyi At\u015fan, Skik, \u015ease, Tlaysiye, Kebbariye ve Suran b\u00f6lgelerinde \u2018Fetih Ordusu\u2019na tabi ara\u00e7 ve tanklar\u0131 imha ederek \u00e7ok say\u0131da ter\u00f6risti \u00f6l\u00fc ve yaral\u0131 d\u00fc\u015f\u00fcrd\u00fcklerini a\u00e7\u0131klad\u0131"},"content":{"rendered":"<p>Askeri kaynak; hava g\u00fc\u00e7lerimizin Hama k\u0131rsal\u0131n\u0131n kuzeyi At\u015fan, Skik, \u015ease, Tlaysiye, Kebbariye ve Suran b\u00f6lgelerinde \u2018Fetih Ordusu\u2019na tabi ara\u00e7 ve tanklar\u0131 imha ederek \u00e7ok say\u0131da ter\u00f6risti \u00f6l\u00fc ve yaral\u0131 d\u00fc\u015f\u00fcrd\u00fcklerini a\u00e7\u0131klad\u0131<\/p>\n","protected":false},"excerpt":{"rendered":"<p>Askeri kaynak; hava g\u00fc\u00e7lerimizin Hama k\u0131rsal\u0131n\u0131n kuzeyi At\u015fan, Skik, \u015ease, Tlaysiye, Kebbariye ve Suran b\u00f6lgelerinde \u2018Fetih Ordusu\u2019na tabi ara\u00e7 ve tanklar\u0131 imha ederek \u00e7ok say\u0131da ter\u00f6risti \u00f6l\u00fc ve yaral\u0131 d\u00fc\u015f\u00fcrd\u00fcklerini a\u00e7\u0131klad\u0131<\/p>\n","protected":false},"author":1,"featured_media":0,"comment_status":"closed","ping_status":"closed","sticky":false,"template":"","format":"standard","meta":{"footnotes":""},"categories":[17991],"tags":[],"class_list":["post-89719","post","type-post","status-publish","format-standard","","category-son-dakika"],"_links":{"self":[{"href":"https:\/\/archive.sana.sy\/tr\/index.php?rest_route=\/wp\/v2\/posts\/89719","targetHints":{"allow":["GET"]}}],"collection":[{"href":"https:\/\/archive.sana.sy\/tr\/index.php?rest_route=\/wp\/v2\/posts"}],"about":[{"href":"https:\/\/archive.sana.sy\/tr\/index.php?rest_route=\/wp\/v2\/types\/post"}],"author":[{"embeddable":true,"href":"https:\/\/archive.sana.sy\/tr\/index.php?rest_route=\/wp\/v2\/users\/1"}],"replies":[{"embeddable":true,"href":"https:\/\/archive.sana.sy\/tr\/index.php?rest_route=%2Fwp%2Fv2%2Fcomments&post=89719"}],"version-history":[{"count":0,"href":"https:\/\/archive.sana.sy\/tr\/index.php?rest_route=\/wp\/v2\/posts\/89719\/revisions"}],"wp:attachment":[{"href":"https:\/\/archive.sana.sy\/tr\/index.php?rest_route=%2Fwp%2Fv2%2Fmedia&parent=89719"}],"wp:term":[{"taxonomy":"category","embeddable":true,"href":"https:\/\/archive.sana.sy\/tr\/index.php?rest_route=%2Fwp%2Fv2%2Fcategories&post=89719"},{"taxonomy":"post_tag","embeddable":true,"href":"https:\/\/archive.sana.sy\/tr\/index.php?rest_route=%2Fwp%2Fv2%2Ftags&post=89719"}],"curies":[{"name":"wp","href":"https:\/\/api.w.org\/{rel}","templated":true}]}}