{"id":8973,"date":"2014-09-03T14:36:58","date_gmt":"2014-09-03T11:36:58","guid":{"rendered":"http:\/\/www.sana.sy\/tr\/?p=8973"},"modified":"2014-09-03T14:38:14","modified_gmt":"2014-09-03T11:38:14","slug":"cumhurbaskani-bessar-el-esad-bugun-suriye-iran-ekonomik-iliskiler-komitesi-baskani-rustem-kasimi-ile-iran-islam-cumhuriyeti-ve-suriye-arasinda-mevcut-ekonomik-isbirligini-masaya-yatirirken-bu-isbirlig","status":"publish","type":"post","link":"https:\/\/archive.sana.sy\/tr\/?p=8973","title":{"rendered":"Cumhurba\u015fkan\u0131 Be\u015f\u015far el Esad bug\u00fcn Suriye-\u0130ran Ekonomik \u0130li\u015fkiler Komitesi Ba\u015fkan\u0131 R\u00fcstem Kasimi ile \u0130ran \u0130slam Cumhuriyeti ve Suriye aras\u0131nda mevcut ekonomik i\u015fbirli\u011fini masaya yat\u0131r\u0131rken bu i\u015fbirli\u011finin ufuklar\u0131n\u0131 muhtelif alanlarda ve y\u00f6nlerde geni\u015fletme ve geli\u015ftirme olanaklar\u0131n\u0131 g\u00f6r\u00fc\u015ft\u00fc."},"content":{"rendered":"<p>Cumhurba\u015fkan\u0131 Be\u015f\u015far el Esad bug\u00fcn Suriye-\u0130ran Ekonomik \u0130li\u015fkiler Komitesi Ba\u015fkan\u0131 R\u00fcstem Kasimi ile \u0130ran \u0130slam Cumhuriyeti ve Suriye aras\u0131nda mevcut ekonomik i\u015fbirli\u011fini masaya yat\u0131r\u0131rken bu i\u015fbirli\u011finin ufuklar\u0131n\u0131 muhtelif alanlarda ve y\u00f6nlerde geni\u015fletme ve geli\u015ftirme olanaklar\u0131n\u0131 g\u00f6r\u00fc\u015ft\u00fc.<\/p>\n","protected":false},"excerpt":{"rendered":"<p>Cumhurba\u015fkan\u0131 Be\u015f\u015far el Esad bug\u00fcn Suriye-\u0130ran Ekonomik \u0130li\u015fkiler Komitesi Ba\u015fkan\u0131 R\u00fcstem Kasimi ile \u0130ran \u0130slam Cumhuriyeti ve Suriye aras\u0131nda mevcut ekonomik i\u015fbirli\u011fini masaya yat\u0131r\u0131rken bu i\u015fbirli\u011finin ufuklar\u0131n\u0131 muhtelif alanlarda ve y\u00f6nlerde geni\u015fletme ve geli\u015ftirme olanaklar\u0131n\u0131 g\u00f6r\u00fc\u015ft\u00fc.<\/p>\n","protected":false},"author":1,"featured_media":0,"comment_status":"closed","ping_status":"closed","sticky":false,"template":"","format":"standard","meta":{"footnotes":""},"categories":[1],"tags":[2021],"class_list":["post-8973","post","type-post","status-publish","format-standard","","category-news-not-sorted","tag-cumhurbaskani-bessar-el-esad-bugun-suriye-iran-ekonomik-iliskiler-komitesi-baskani-rustem-kasimi-ile-iran-islam-cumhuriyeti-ve-suriye-arasinda-mevcut-ekonomik-isbirligini-masaya-yatirirken-bu-isbirlig"],"_links":{"self":[{"href":"https:\/\/archive.sana.sy\/tr\/index.php?rest_route=\/wp\/v2\/posts\/8973","targetHints":{"allow":["GET"]}}],"collection":[{"href":"https:\/\/archive.sana.sy\/tr\/index.php?rest_route=\/wp\/v2\/posts"}],"about":[{"href":"https:\/\/archive.sana.sy\/tr\/index.php?rest_route=\/wp\/v2\/types\/post"}],"author":[{"embeddable":true,"href":"https:\/\/archive.sana.sy\/tr\/index.php?rest_route=\/wp\/v2\/users\/1"}],"replies":[{"embeddable":true,"href":"https:\/\/archive.sana.sy\/tr\/index.php?rest_route=%2Fwp%2Fv2%2Fcomments&post=8973"}],"version-history":[{"count":0,"href":"https:\/\/archive.sana.sy\/tr\/index.php?rest_route=\/wp\/v2\/posts\/8973\/revisions"}],"wp:attachment":[{"href":"https:\/\/archive.sana.sy\/tr\/index.php?rest_route=%2Fwp%2Fv2%2Fmedia&parent=8973"}],"wp:term":[{"taxonomy":"category","embeddable":true,"href":"https:\/\/archive.sana.sy\/tr\/index.php?rest_route=%2Fwp%2Fv2%2Fcategories&post=8973"},{"taxonomy":"post_tag","embeddable":true,"href":"https:\/\/archive.sana.sy\/tr\/index.php?rest_route=%2Fwp%2Fv2%2Ftags&post=8973"}],"curies":[{"name":"wp","href":"https:\/\/api.w.org\/{rel}","templated":true}]}}