{"id":8975,"date":"2014-09-03T23:59:04","date_gmt":"2014-09-03T20:59:04","guid":{"rendered":"http:\/\/www.sana.sy\/tr\/?p=8975"},"modified":"2014-09-05T00:48:38","modified_gmt":"2014-09-04T21:48:38","slug":"suriye-halki-dost-devletlerin-katkilarini-memnuniyetle-karsiliyor","status":"publish","type":"post","link":"https:\/\/archive.sana.sy\/tr\/?p=8975","title":{"rendered":"Suriye Halk\u0131 Dost Devletlerin Katk\u0131lar\u0131n\u0131 Memnuniyetle Kar\u015f\u0131l\u0131yor"},"content":{"rendered":"<p>\u015eAM \u2013 Cumhurba\u015fkan\u0131 Be\u015f\u015far el Esad bug\u00fcn Suriye-\u0130ran Ekonomik \u0130li\u015fkileri Kalk\u0131nd\u0131rma Komitesi Ba\u015fkan\u0131 R\u00fcstem Kasimi ve beraberindeki heyet ile \u0130ran \u0130slam Cumhuriyeti ve Suriye aras\u0131nda mevcut ekonomik i\u015fbirli\u011fini masaya yat\u0131rd\u0131.<\/p>\n<p>G\u00f6r\u00fc\u015fmede bu i\u015fbirli\u011finin ufuklar\u0131n\u0131 iki dost halk\u0131n \u00e7\u0131karlar\u0131na hizmet edecek \u015fekilde muhtelif alanlarda ve y\u00f6nlerde geni\u015fletme ve geli\u015ftirme olanaklar\u0131 \u00fczerine odaklan\u0131ld\u0131.<\/p>\n<p><a href=\"http:\/\/www.sana.sy\/tr\/wp-content\/uploads\/2014\/09\/Esad1.jpg\"><img loading=\"lazy\" decoding=\"async\" class=\"alignright wp-image-9007 size-medium\" src=\"http:\/\/www.sana.sy\/tr\/wp-content\/uploads\/2014\/09\/Esad1-300x124.jpg\" alt=\"Esad\" width=\"300\" height=\"124\" srcset=\"https:\/\/archive.sana.sy\/tr\/wp-content\/uploads\/2014\/09\/Esad1-300x124.jpg 300w, https:\/\/archive.sana.sy\/tr\/wp-content\/uploads\/2014\/09\/Esad1-150x62.jpg 150w, https:\/\/archive.sana.sy\/tr\/wp-content\/uploads\/2014\/09\/Esad1-1024x425.jpg 1024w, https:\/\/archive.sana.sy\/tr\/wp-content\/uploads\/2014\/09\/Esad1.jpg 1772w\" sizes=\"auto, (max-width: 300px) 100vw, 300px\" \/><\/a>Suriye&#8217;nin maruz kald\u0131\u011f\u0131 sava\u015fa kar\u015f\u0131 m\u00fccadelesini \u00f6ven Kasimi, direni\u015f ekseninden caymayan Suriye halk\u0131n\u0131n ter\u00f6re kar\u015f\u0131 sava\u015f\u0131nda bulundu\u011fu \u00fcst\u00fcn fedakarl\u0131klara \u00fclkesinin takdirini ifade etti.<\/p>\n<p>Kasimi \u0130ran\u2019\u0131n, direni\u015f ve m\u00fccadele g\u00fcc\u00fcn\u00fc peki\u015ftirmede Suriye ile ortak \u00e7al\u0131\u015fmalarda bulunma \u00f6zenini belirtirken, yeniden imar dosyas\u0131nda \u0130ran\u2019\u0131n sahip oldu\u011fu t\u00fcm deneyim ve olanaklar\u0131 takdim etmeye haz\u0131r oldu\u011funu ifade etti.<\/p>\n<p>G\u00f6r\u00fc\u015fmede Cumhurba\u015fkan\u0131 el Esad; Suriye&#8217;nin ekonomi alan\u0131nda \u0130ran ile koordinasyon ve i\u015fbirli\u011fine b\u00fcy\u00fck bir \u00f6zen g\u00f6sterdi\u011fini ifade ederken; ekonomik ili\u015fkilerin iki dost \u00fclke ve halklar\u0131 aras\u0131nda mevcut tarihi ve ayr\u0131cal\u0131kl\u0131 siyasi ili\u015fkiler d\u00fczeyine getirme \u00f6zenini dile getirdi.<\/p>\n<p>El Esad Suriye halk\u0131n\u0131n, yeniden yap\u0131land\u0131rma dosyas\u0131na \u0130ran ve di\u011fer dost \u00fclkelerin katk\u0131da bulunmas\u0131n\u0131 memnuniyetle kar\u015f\u0131lad\u0131\u011f\u0131na vurgu yaparken; Suriye ve halk\u0131n\u0131n b\u00f6lge halklar\u0131 ve ortak \u00e7\u0131karlar\u0131n\u0131 hedef alan planlara kar\u015f\u0131 bu dost \u00fclkelerin tutum ve desteklerini takdirle kar\u015f\u0131lad\u0131\u011f\u0131n\u0131n alt\u0131n\u0131 \u00e7izdi.<\/p>\n","protected":false},"excerpt":{"rendered":"<p>\u015eAM \u2013 Cumhurba\u015fkan\u0131 Be\u015f\u015far el Esad bug\u00fcn Suriye-\u0130ran Ekonomik \u0130li\u015fkileri Kalk\u0131nd\u0131rma Komitesi Ba\u015fkan\u0131 R\u00fcstem Kasimi ve beraberindeki heyet ile \u0130ran \u0130slam Cumhuriyeti ve Suriye aras\u0131nda mevcut ekonomik i\u015fbirli\u011fini masaya yat\u0131rd\u0131. G\u00f6r\u00fc\u015fmede bu i\u015fbirli\u011finin ufuklar\u0131n\u0131 iki dost halk\u0131n \u00e7\u0131karlar\u0131na hizmet edecek \u015fekilde muhtelif alanlarda ve y\u00f6nlerde geni\u015fletme ve geli\u015ftirme olanaklar\u0131 \u00fczerine odaklan\u0131ld\u0131. Suriye&#8217;nin maruz kald\u0131\u011f\u0131 sava\u015fa &hellip;<\/p>\n","protected":false},"author":1,"featured_media":8980,"comment_status":"closed","ping_status":"closed","sticky":false,"template":"","format":"standard","meta":{"footnotes":""},"categories":[608,479,605,478],"tags":[2022],"class_list":["post-8975","post","type-post","status-publish","format-standard","has-post-thumbnail","","category-etkinlikler","category-haberler-yerel","category-sayin-cumhurbaskani","category-yerel","tag-suriye-halki-dost-devletlerin-katkilarini-memnuniyetle-karsiliyor"],"_links":{"self":[{"href":"https:\/\/archive.sana.sy\/tr\/index.php?rest_route=\/wp\/v2\/posts\/8975","targetHints":{"allow":["GET"]}}],"collection":[{"href":"https:\/\/archive.sana.sy\/tr\/index.php?rest_route=\/wp\/v2\/posts"}],"about":[{"href":"https:\/\/archive.sana.sy\/tr\/index.php?rest_route=\/wp\/v2\/types\/post"}],"author":[{"embeddable":true,"href":"https:\/\/archive.sana.sy\/tr\/index.php?rest_route=\/wp\/v2\/users\/1"}],"replies":[{"embeddable":true,"href":"https:\/\/archive.sana.sy\/tr\/index.php?rest_route=%2Fwp%2Fv2%2Fcomments&post=8975"}],"version-history":[{"count":0,"href":"https:\/\/archive.sana.sy\/tr\/index.php?rest_route=\/wp\/v2\/posts\/8975\/revisions"}],"wp:featuredmedia":[{"embeddable":true,"href":"https:\/\/archive.sana.sy\/tr\/index.php?rest_route=\/wp\/v2\/media\/8980"}],"wp:attachment":[{"href":"https:\/\/archive.sana.sy\/tr\/index.php?rest_route=%2Fwp%2Fv2%2Fmedia&parent=8975"}],"wp:term":[{"taxonomy":"category","embeddable":true,"href":"https:\/\/archive.sana.sy\/tr\/index.php?rest_route=%2Fwp%2Fv2%2Fcategories&post=8975"},{"taxonomy":"post_tag","embeddable":true,"href":"https:\/\/archive.sana.sy\/tr\/index.php?rest_route=%2Fwp%2Fv2%2Ftags&post=8975"}],"curies":[{"name":"wp","href":"https:\/\/api.w.org\/{rel}","templated":true}]}}