{"id":89773,"date":"2016-10-01T13:41:24","date_gmt":"2016-10-01T10:41:24","guid":{"rendered":"http:\/\/www.sana.sy\/tr\/?p=89773"},"modified":"2016-10-02T14:48:15","modified_gmt":"2016-10-02T11:48:15","slug":"kudsiye-ahalisi-yine-sokaklara-dokuldu","status":"publish","type":"post","link":"https:\/\/archive.sana.sy\/tr\/?p=89773","title":{"rendered":"Kudsiye Ahalisi Yine Sokaklara D\u00f6k\u00fcld\u00fc"},"content":{"rendered":"<p>\u015eAM KIRSALI \u2013 Ba\u015fkentin bat\u0131s\u0131na d\u00fc\u015fen Kudsiye Kentinde bug\u00fcn yakla\u015f\u0131k 6 bin vatanda\u015f kent sokaklar\u0131 ve meydanlar\u0131nda y\u00fcr\u00fcyerek kentte ulusal uzla\u015fmalar\u0131 reddeden silahl\u0131lar\u0131 protesto etti.<\/p>\n<p>Yerel kaynaklar SANA\u2019ya a\u00e7\u0131klamalar\u0131nda; kentin ana meydan\u0131nda toplanan vatanda\u015flar\u0131n, ulusal uzla\u015fman\u0131n sa\u011flanmas\u0131 ve kentlerinin yeniden g\u00fcvene kavu\u015fmas\u0131n\u0131 reddeden silahl\u0131lar\u0131n derhal kenti terk etmelerini talep ettiklerini aktard\u0131. Kaynaklar binlerce vatanda\u015f\u0131n kentte normal ya\u015fam\u0131n sa\u011flanmas\u0131 i\u00e7in gerekli icraatlar\u0131n h\u0131zland\u0131r\u0131lmas\u0131n\u0131 talep ettiklerini s\u00f6yledi.<\/p>\n<p>Kentten \u00e7\u0131kmay\u0131 reddeden silahl\u0131lar\u0131n vatanda\u015flara ate\u015f a\u00e7\u0131p silah zoruyla onlar\u0131 da\u011f\u0131tmaya \u00e7al\u0131\u015ft\u0131klar\u0131n\u0131 belirten kaynaklar; ahalinin kur\u015fun ate\u015fine ra\u011fmen taleplerinde kararl\u0131l\u0131klar\u0131n\u0131 sergilediklerine vurgu yapt\u0131.<\/p>\n<p>D\u00fcn Cuma namaz\u0131 \u00e7\u0131k\u0131\u015f\u0131nda yine y\u00fczlerce vatanda\u015f Kudsiye Kentinde ayn\u0131 ama\u00e7la benzer bir g\u00f6steri d\u00fczenlemi\u015flerdi.<\/p>\n","protected":false},"excerpt":{"rendered":"<p>\u015eAM KIRSALI \u2013 Ba\u015fkentin bat\u0131s\u0131na d\u00fc\u015fen Kudsiye Kentinde bug\u00fcn yakla\u015f\u0131k 6 bin vatanda\u015f kent sokaklar\u0131 ve meydanlar\u0131nda y\u00fcr\u00fcyerek kentte ulusal uzla\u015fmalar\u0131 reddeden silahl\u0131lar\u0131 protesto etti. Yerel kaynaklar SANA\u2019ya a\u00e7\u0131klamalar\u0131nda; kentin ana meydan\u0131nda toplanan vatanda\u015flar\u0131n, ulusal uzla\u015fman\u0131n sa\u011flanmas\u0131 ve kentlerinin yeniden g\u00fcvene kavu\u015fmas\u0131n\u0131 reddeden silahl\u0131lar\u0131n derhal kenti terk etmelerini talep ettiklerini aktard\u0131. Kaynaklar binlerce vatanda\u015f\u0131n kentte &hellip;<\/p>\n","protected":false},"author":1,"featured_media":89785,"comment_status":"closed","ping_status":"closed","sticky":false,"template":"","format":"standard","meta":{"footnotes":""},"categories":[479,17988,478],"tags":[24332],"class_list":["post-89773","post","type-post","status-publish","format-standard","has-post-thumbnail","","category-haberler-yerel","category-son-haberler","category-yerel","tag-kudsiye-ahalisi-yine-sokaklara-dokuldu"],"_links":{"self":[{"href":"https:\/\/archive.sana.sy\/tr\/index.php?rest_route=\/wp\/v2\/posts\/89773","targetHints":{"allow":["GET"]}}],"collection":[{"href":"https:\/\/archive.sana.sy\/tr\/index.php?rest_route=\/wp\/v2\/posts"}],"about":[{"href":"https:\/\/archive.sana.sy\/tr\/index.php?rest_route=\/wp\/v2\/types\/post"}],"author":[{"embeddable":true,"href":"https:\/\/archive.sana.sy\/tr\/index.php?rest_route=\/wp\/v2\/users\/1"}],"replies":[{"embeddable":true,"href":"https:\/\/archive.sana.sy\/tr\/index.php?rest_route=%2Fwp%2Fv2%2Fcomments&post=89773"}],"version-history":[{"count":0,"href":"https:\/\/archive.sana.sy\/tr\/index.php?rest_route=\/wp\/v2\/posts\/89773\/revisions"}],"wp:featuredmedia":[{"embeddable":true,"href":"https:\/\/archive.sana.sy\/tr\/index.php?rest_route=\/wp\/v2\/media\/89785"}],"wp:attachment":[{"href":"https:\/\/archive.sana.sy\/tr\/index.php?rest_route=%2Fwp%2Fv2%2Fmedia&parent=89773"}],"wp:term":[{"taxonomy":"category","embeddable":true,"href":"https:\/\/archive.sana.sy\/tr\/index.php?rest_route=%2Fwp%2Fv2%2Fcategories&post=89773"},{"taxonomy":"post_tag","embeddable":true,"href":"https:\/\/archive.sana.sy\/tr\/index.php?rest_route=%2Fwp%2Fv2%2Ftags&post=89773"}],"curies":[{"name":"wp","href":"https:\/\/api.w.org\/{rel}","templated":true}]}}