{"id":8982,"date":"2014-09-03T15:25:36","date_gmt":"2014-09-03T12:25:36","guid":{"rendered":"http:\/\/www.sana.sy\/tr\/?p=8982"},"modified":"2014-09-03T15:25:36","modified_gmt":"2014-09-03T12:25:36","slug":"irak-silahli-kuvvetleri-terorist-avini-surduruyor","status":"publish","type":"post","link":"https:\/\/archive.sana.sy\/tr\/?p=8982","title":{"rendered":"Irak Silahl\u0131 Kuvvetleri Ter\u00f6rist Av\u0131n\u0131 S\u00fcrd\u00fcr\u00fcyor"},"content":{"rendered":"<p>BA\u011eDAT \u2013 Irak Silahl\u0131 Kuvvetleri, \u00fclkenin genelinde ter\u00f6rist av\u0131n\u0131 ve I\u015e\u0130D\u2019e ait ter\u00f6r mevkilerini havadan bombalamaya devam ediyor.<\/p>\n<p>Tikrit ve Salahaddin illerinde yo\u011fun olarak devam eden bombard\u0131man sonucunda I\u015e\u0130D\u2019e ait bir\u00e7ok ter\u00f6r mevkisi yerle bir edildi.<\/p>\n<p>Konuyla ilgili a\u00e7\u0131klama yapan Irakl\u0131 askeri bir kaynak; ter\u00f6re kar\u015f\u0131 operasyonlar kapsam\u0131nda meydana gelen \u00e7at\u0131\u015fmalar s\u0131ras\u0131nda I\u015e\u0130D\u2019e ba\u011fl\u0131 2012 y\u0131l\u0131n\u0131n Eyl\u00fcl ay\u0131nda Tefsirat Cezaevinden firar etmi\u015f az\u0131l\u0131 bir ter\u00f6ristin \u00f6ld\u00fcr\u00fcld\u00fc\u011f\u00fc bilgisini verdi.<\/p>\n<p>Bu arada Irak ordusu \u00fclkenin ortas\u0131na d\u00fc\u015fen Babil \u0130linin Buhayrat B\u00f6lgesini tamamen I\u015e\u0130D tekfircilerinden temizleyip g\u00fcvenli\u011fi sa\u011flad\u0131\u011f\u0131n\u0131 ilan etti.<\/p>\n<p>\u00d6te yandan Irak H\u00fck\u00fcmetini Kurmakla G\u00f6revli Ba\u015fkan Haydar el Ubadi; Sbayker katliam\u0131n\u0131n sorumlular\u0131n\u0131n mutlaka cezaland\u0131r\u0131laca\u011f\u0131n\u0131 ifade ederek konuyla ilgili soru\u015fturma komisyonunun aral\u0131ks\u0131z bir \u015fekilde \u00e7al\u0131\u015fmalar\u0131n\u0131 s\u00fcrd\u00fcrd\u00fc\u011f\u00fcn\u00fc belirtti.<\/p>\n","protected":false},"excerpt":{"rendered":"<p>BA\u011eDAT \u2013 Irak Silahl\u0131 Kuvvetleri, \u00fclkenin genelinde ter\u00f6rist av\u0131n\u0131 ve I\u015e\u0130D\u2019e ait ter\u00f6r mevkilerini havadan bombalamaya devam ediyor. Tikrit ve Salahaddin illerinde yo\u011fun olarak devam eden bombard\u0131man sonucunda I\u015e\u0130D\u2019e ait bir\u00e7ok ter\u00f6r mevkisi yerle bir edildi. Konuyla ilgili a\u00e7\u0131klama yapan Irakl\u0131 askeri bir kaynak; ter\u00f6re kar\u015f\u0131 operasyonlar kapsam\u0131nda meydana gelen \u00e7at\u0131\u015fmalar s\u0131ras\u0131nda I\u015e\u0130D\u2019e ba\u011fl\u0131 2012 &hellip;<\/p>\n","protected":false},"author":1,"featured_media":8983,"comment_status":"closed","ping_status":"closed","sticky":false,"template":"","format":"standard","meta":{"footnotes":""},"categories":[458,459,447],"tags":[2023],"class_list":["post-8982","post","type-post","status-publish","format-standard","has-post-thumbnail","","category-dunya1","category-haberler-arap-uluslararasi-politika","category-politika","tag-irak-silahli-kuvvetleri-terorist-avini-surduruyor"],"_links":{"self":[{"href":"https:\/\/archive.sana.sy\/tr\/index.php?rest_route=\/wp\/v2\/posts\/8982","targetHints":{"allow":["GET"]}}],"collection":[{"href":"https:\/\/archive.sana.sy\/tr\/index.php?rest_route=\/wp\/v2\/posts"}],"about":[{"href":"https:\/\/archive.sana.sy\/tr\/index.php?rest_route=\/wp\/v2\/types\/post"}],"author":[{"embeddable":true,"href":"https:\/\/archive.sana.sy\/tr\/index.php?rest_route=\/wp\/v2\/users\/1"}],"replies":[{"embeddable":true,"href":"https:\/\/archive.sana.sy\/tr\/index.php?rest_route=%2Fwp%2Fv2%2Fcomments&post=8982"}],"version-history":[{"count":0,"href":"https:\/\/archive.sana.sy\/tr\/index.php?rest_route=\/wp\/v2\/posts\/8982\/revisions"}],"wp:featuredmedia":[{"embeddable":true,"href":"https:\/\/archive.sana.sy\/tr\/index.php?rest_route=\/wp\/v2\/media\/8983"}],"wp:attachment":[{"href":"https:\/\/archive.sana.sy\/tr\/index.php?rest_route=%2Fwp%2Fv2%2Fmedia&parent=8982"}],"wp:term":[{"taxonomy":"category","embeddable":true,"href":"https:\/\/archive.sana.sy\/tr\/index.php?rest_route=%2Fwp%2Fv2%2Fcategories&post=8982"},{"taxonomy":"post_tag","embeddable":true,"href":"https:\/\/archive.sana.sy\/tr\/index.php?rest_route=%2Fwp%2Fv2%2Ftags&post=8982"}],"curies":[{"name":"wp","href":"https:\/\/api.w.org\/{rel}","templated":true}]}}