{"id":89833,"date":"2016-10-02T13:13:59","date_gmt":"2016-10-02T10:13:59","guid":{"rendered":"http:\/\/www.sana.sy\/tr\/?p=89833"},"modified":"2016-10-04T13:12:42","modified_gmt":"2016-10-04T10:12:42","slug":"berlinde-abd-buyukelciligi-onunde-kinama-eylemi-video","status":"publish","type":"post","link":"https:\/\/archive.sana.sy\/tr\/?p=89833","title":{"rendered":"Berlin\u2019de ABD B\u00fcy\u00fckel\u00e7ili\u011fi \u00d6n\u00fcnde K\u0131nama Eylemi (video)"},"content":{"rendered":"<p>BERL\u0130N \u2013 Avrupa&#8217;n\u0131n muhtelif devletlerinde ya\u015fayan Suriyeli gurbet\u00e7iler bug\u00fcn Almanya\u2019n\u0131n ba\u015fkenti Berlin\u2019de ABD B\u00fcy\u00fckel\u00e7ili\u011fi toplanarak, ABD koalisyonunun 17 Eyl\u00fclde Deyrezzor k\u0131rsal\u0131nda Suriye ordusunun mevkiine sald\u0131r\u0131s\u0131n\u0131 k\u0131nad\u0131lar.<\/p>\n<p>Suriye bayra\u011f\u0131 ve Cumhurba\u015fkan\u0131 Be\u015f\u015far el Esad\u2019\u0131n foto\u011fraflar\u0131n\u0131 ta\u015f\u0131yan eylem kat\u0131l\u0131mc\u0131lar\u0131, be\u015f y\u0131la a\u015fk\u0131n s\u00fcredir ter\u00f6re kar\u015f\u0131 duyarl\u0131 ve etkin bir m\u00fccadele veren Suriye ordusuna desteklerini vurgulad\u0131lar. Kat\u0131l\u0131mc\u0131lar Suriye h\u00fck\u00fcmeti ve ordusu ile koordinasyon olmaks\u0131z\u0131n Suriye&#8217;de herhangi bir d\u0131\u015f askeri m\u00fcdahaleyi mutlak bir \u015fekilde reddettiklerini ifade ettiler.<\/p>\n<p>Suriye halk\u0131n\u0131n ordu ile omuz omuza ter\u00f6re kar\u015f\u0131 verdikleri m\u00fccadeleyi \u00f6ven kat\u0131l\u0131mc\u0131lar; Suriye&#8217;nin halk, ordu ve h\u00fck\u00fcmet olarak sergiledikleri \u015fanl\u0131 m\u00fccadele ile d\u00fc\u015fmanc\u0131 d\u0131\u015f planlar\u0131n \u00e7\u00f6kertildi\u011fini kaydettiler.<\/p>\n<p>Kat\u0131l\u0131mc\u0131lar vatan u\u011fruna \u015fehit ya da yaral\u0131 d\u00fc\u015fen kahramanlar\u0131m\u0131z\u0131 selamlarken, bu hakl\u0131 sava\u015f\u0131nda Suriye&#8217;ye destek veren dost devletlere ve g\u00fc\u00e7lere \u015f\u00fckranlar\u0131n\u0131 ifade ettiler.<\/p>\n<p>ABD komutas\u0131ndaki uluslar aras\u0131 koalisyon g\u00fc\u00e7leri 17 Eyl\u00fclde, Deyrezzor k\u0131rsal\u0131n\u0131n Serda Da\u011f\u0131nda Suriye ordusunun bir mevkiini bombalam\u0131\u015f, da\u011f\u0131n I\u015e\u0130D\u2019in eline ge\u00e7mesine yol a\u00e7m\u0131\u015flard\u0131. Ordu birliklerimiz k\u0131sa bir s\u00fcre sonra da\u011f\u0131 I\u015e\u0130D\u2019in elinden geri almay\u0131 ba\u015farm\u0131\u015ft\u0131.<\/p>\n<p>https:\/\/www.youtube.com\/watch?v=PhwW65V_N68<\/p>\n<p>&nbsp;<\/p>\n<p>R.M.<\/p>\n","protected":false},"excerpt":{"rendered":"<p>BERL\u0130N \u2013 Avrupa&#8217;n\u0131n muhtelif devletlerinde ya\u015fayan Suriyeli gurbet\u00e7iler bug\u00fcn Almanya\u2019n\u0131n ba\u015fkenti Berlin\u2019de ABD B\u00fcy\u00fckel\u00e7ili\u011fi toplanarak, ABD koalisyonunun 17 Eyl\u00fclde Deyrezzor k\u0131rsal\u0131nda Suriye ordusunun mevkiine sald\u0131r\u0131s\u0131n\u0131 k\u0131nad\u0131lar. Suriye bayra\u011f\u0131 ve Cumhurba\u015fkan\u0131 Be\u015f\u015far el Esad\u2019\u0131n foto\u011fraflar\u0131n\u0131 ta\u015f\u0131yan eylem kat\u0131l\u0131mc\u0131lar\u0131, be\u015f y\u0131la a\u015fk\u0131n s\u00fcredir ter\u00f6re kar\u015f\u0131 duyarl\u0131 ve etkin bir m\u00fccadele veren Suriye ordusuna desteklerini vurgulad\u0131lar. Kat\u0131l\u0131mc\u0131lar Suriye &hellip;<\/p>\n","protected":false},"author":1,"featured_media":89841,"comment_status":"closed","ping_status":"closed","sticky":false,"template":"","format":"standard","meta":{"footnotes":""},"categories":[458,459,17988],"tags":[24350,24027,24349,24348,24347,22182],"class_list":["post-89833","post","type-post","status-publish","format-standard","has-post-thumbnail","","category-dunya1","category-haberler-arap-uluslararasi-politika","category-son-haberler","tag-abd-koalisyonunun-17-eylulde-deyrezzor-kirsalinda-suriye-ordusunun-mevkiine-saldirisi","tag-abdnin-suriye-ordusuna-gaddar-saldirisi","tag-avrupanin-muhtelif-devletlerinde-yasayan-suriyeli-gurbetciler","tag-berlin","tag-berlinde-abd-buyukelciligi-onunde-kinama-eylemi","tag-suriyede-savas"],"_links":{"self":[{"href":"https:\/\/archive.sana.sy\/tr\/index.php?rest_route=\/wp\/v2\/posts\/89833","targetHints":{"allow":["GET"]}}],"collection":[{"href":"https:\/\/archive.sana.sy\/tr\/index.php?rest_route=\/wp\/v2\/posts"}],"about":[{"href":"https:\/\/archive.sana.sy\/tr\/index.php?rest_route=\/wp\/v2\/types\/post"}],"author":[{"embeddable":true,"href":"https:\/\/archive.sana.sy\/tr\/index.php?rest_route=\/wp\/v2\/users\/1"}],"replies":[{"embeddable":true,"href":"https:\/\/archive.sana.sy\/tr\/index.php?rest_route=%2Fwp%2Fv2%2Fcomments&post=89833"}],"version-history":[{"count":0,"href":"https:\/\/archive.sana.sy\/tr\/index.php?rest_route=\/wp\/v2\/posts\/89833\/revisions"}],"wp:featuredmedia":[{"embeddable":true,"href":"https:\/\/archive.sana.sy\/tr\/index.php?rest_route=\/wp\/v2\/media\/89841"}],"wp:attachment":[{"href":"https:\/\/archive.sana.sy\/tr\/index.php?rest_route=%2Fwp%2Fv2%2Fmedia&parent=89833"}],"wp:term":[{"taxonomy":"category","embeddable":true,"href":"https:\/\/archive.sana.sy\/tr\/index.php?rest_route=%2Fwp%2Fv2%2Fcategories&post=89833"},{"taxonomy":"post_tag","embeddable":true,"href":"https:\/\/archive.sana.sy\/tr\/index.php?rest_route=%2Fwp%2Fv2%2Ftags&post=89833"}],"curies":[{"name":"wp","href":"https:\/\/api.w.org\/{rel}","templated":true}]}}