{"id":89858,"date":"2016-10-02T14:29:09","date_gmt":"2016-10-02T11:29:09","guid":{"rendered":"http:\/\/www.sana.sy\/tr\/?p=89858"},"modified":"2016-10-04T13:12:45","modified_gmt":"2016-10-04T10:12:45","slug":"fuze-saldirilarina-devam-ederlerken-tarim-arazilerini-de-atese-verdiler","status":"publish","type":"post","link":"https:\/\/archive.sana.sy\/tr\/?p=89858","title":{"rendered":"F\u00fcze Sald\u0131r\u0131lar\u0131na Devam Ederlerken, Tar\u0131m Arazilerini de Ate\u015fe Verdiler"},"content":{"rendered":"<p>KUNAYTRA \u2013 \u0130srail\u2019den destek ve komuta alan Kaide \u00d6rg\u00fct\u00fcn\u00fcn Suriye kolu Nusra Cephesi bug\u00fcn Kunaytra\u2019n\u0131n Baas Kentinde Hizmet Semtini f\u00fczelerle hedef almaya devam ederken, il k\u0131rsal\u0131nda meyveli a\u011fa\u00e7 ekili onlarca d\u00f6n\u00fcm araziyi ate\u015fe verdi.<\/p>\n<p>Kunaytra \u0130l Emniyet M\u00fcd\u00fcrl\u00fc\u011f\u00fcnde bir kaynak SANA\u2019ya a\u00e7\u0131klamas\u0131nda; \u0130srail destekli radikal ter\u00f6ristlerin sabah saatlerinde Baas Kentinin Hizmet Semtinde Tar\u0131m M\u00fcd\u00fcrl\u00fc\u011f\u00fcn\u00fc bir f\u00fczeyle hedef ald\u0131klar\u0131n\u0131 kaydetti. Kaynak ter\u00f6r sald\u0131r\u0131s\u0131n\u0131n m\u00fcd\u00fcrl\u00fck binas\u0131 ve civar\u0131ndaki idari ofislerde b\u00fcy\u00fck hasarlar yol a\u00e7t\u0131\u011f\u0131n\u0131 s\u00f6yledi.<\/p>\n<p>Di\u011fer yandan SANA muhabiri; Kunaytra k\u0131rsal\u0131n\u0131n Cebata el Ha\u015fab Beldesinde bulunan Nusra Cephesinden ter\u00f6ristlerin Hadar Beldesinin g\u00fcneyi Shayta Mevkiinde vatanda\u015flara ait kiraz ve elma a\u011fa\u00e7lar\u0131 ekili onlarca d\u00f6n\u00fcm araziyi ate\u015fe verdiklerini aktard\u0131.<\/p>\n<p>\u0130srail destekli ter\u00f6r \u00e7eteleri 24 Eyl\u00fclde Hadar Beldesinin g\u00fcneyinde yine vatanda\u015flara ait y\u00fczlerce d\u00f6n\u00fcm araziyi ate\u015fe vermi\u015flerdi.<\/p>\n","protected":false},"excerpt":{"rendered":"<p>KUNAYTRA \u2013 \u0130srail\u2019den destek ve komuta alan Kaide \u00d6rg\u00fct\u00fcn\u00fcn Suriye kolu Nusra Cephesi bug\u00fcn Kunaytra\u2019n\u0131n Baas Kentinde Hizmet Semtini f\u00fczelerle hedef almaya devam ederken, il k\u0131rsal\u0131nda meyveli a\u011fa\u00e7 ekili onlarca d\u00f6n\u00fcm araziyi ate\u015fe verdi. Kunaytra \u0130l Emniyet M\u00fcd\u00fcrl\u00fc\u011f\u00fcnde bir kaynak SANA\u2019ya a\u00e7\u0131klamas\u0131nda; \u0130srail destekli radikal ter\u00f6ristlerin sabah saatlerinde Baas Kentinin Hizmet Semtinde Tar\u0131m M\u00fcd\u00fcrl\u00fc\u011f\u00fcn\u00fc bir &hellip;<\/p>\n","protected":false},"author":1,"featured_media":89860,"comment_status":"closed","ping_status":"closed","sticky":false,"template":"","format":"standard","meta":{"footnotes":""},"categories":[479,575,17988,478],"tags":[24354,3564,24355],"class_list":["post-89858","post","type-post","status-publish","format-standard","has-post-thumbnail","","category-haberler-yerel","category-olaylar-ve-gercekler","category-son-haberler","category-yerel","tag-fuze-saldirilarina-devam-ederlerken","tag-kunaytra","tag-tarim-arazilerini-de-atese-verdiler"],"_links":{"self":[{"href":"https:\/\/archive.sana.sy\/tr\/index.php?rest_route=\/wp\/v2\/posts\/89858","targetHints":{"allow":["GET"]}}],"collection":[{"href":"https:\/\/archive.sana.sy\/tr\/index.php?rest_route=\/wp\/v2\/posts"}],"about":[{"href":"https:\/\/archive.sana.sy\/tr\/index.php?rest_route=\/wp\/v2\/types\/post"}],"author":[{"embeddable":true,"href":"https:\/\/archive.sana.sy\/tr\/index.php?rest_route=\/wp\/v2\/users\/1"}],"replies":[{"embeddable":true,"href":"https:\/\/archive.sana.sy\/tr\/index.php?rest_route=%2Fwp%2Fv2%2Fcomments&post=89858"}],"version-history":[{"count":0,"href":"https:\/\/archive.sana.sy\/tr\/index.php?rest_route=\/wp\/v2\/posts\/89858\/revisions"}],"wp:featuredmedia":[{"embeddable":true,"href":"https:\/\/archive.sana.sy\/tr\/index.php?rest_route=\/wp\/v2\/media\/89860"}],"wp:attachment":[{"href":"https:\/\/archive.sana.sy\/tr\/index.php?rest_route=%2Fwp%2Fv2%2Fmedia&parent=89858"}],"wp:term":[{"taxonomy":"category","embeddable":true,"href":"https:\/\/archive.sana.sy\/tr\/index.php?rest_route=%2Fwp%2Fv2%2Fcategories&post=89858"},{"taxonomy":"post_tag","embeddable":true,"href":"https:\/\/archive.sana.sy\/tr\/index.php?rest_route=%2Fwp%2Fv2%2Ftags&post=89858"}],"curies":[{"name":"wp","href":"https:\/\/api.w.org\/{rel}","templated":true}]}}