{"id":8986,"date":"2014-09-03T15:32:36","date_gmt":"2014-09-03T12:32:36","guid":{"rendered":"http:\/\/www.sana.sy\/tr\/?p=8986"},"modified":"2014-09-03T15:32:36","modified_gmt":"2014-09-03T12:32:36","slug":"deyrezzor-valiliginde-yetkili-bir-kaynak-irak-ve-sam-devleti-isid-olarak-bilinen-tekfirci-teroristlerin-ilin-dogu-kirsalina-dusen-el-suvla-bolgesinde-bir-yolcu-minibusunun-yolunu-kesip-katliam-isledik","status":"publish","type":"post","link":"https:\/\/archive.sana.sy\/tr\/?p=8986","title":{"rendered":"Deyrezzor Valili\u011finde yetkili bir kaynak Irak ve \u015eam Devleti I\u015e\u0130D olarak bilinen tekfirci ter\u00f6ristlerin ilin do\u011fu k\u0131rsal\u0131na d\u00fc\u015fen el \u015euvla B\u00f6lgesinde bir yolcu minib\u00fcs\u00fcn\u00fcn yolunu kesip katliam i\u015flediklerini belirtti."},"content":{"rendered":"<p>Deyrezzor Valili\u011finde yetkili bir kaynak Irak ve \u015eam Devleti I\u015e\u0130D olarak bilinen tekfirci ter\u00f6ristlerin ilin do\u011fu k\u0131rsal\u0131na d\u00fc\u015fen el \u015euvla B\u00f6lgesinde bir yolcu minib\u00fcs\u00fcn\u00fcn yolunu kesip katliam i\u015flediklerini belirtti.<\/p>\n","protected":false},"excerpt":{"rendered":"<p>Deyrezzor Valili\u011finde yetkili bir kaynak Irak ve \u015eam Devleti I\u015e\u0130D olarak bilinen tekfirci ter\u00f6ristlerin ilin do\u011fu k\u0131rsal\u0131na d\u00fc\u015fen el \u015euvla B\u00f6lgesinde bir yolcu minib\u00fcs\u00fcn\u00fcn yolunu kesip katliam i\u015flediklerini belirtti.<\/p>\n","protected":false},"author":1,"featured_media":0,"comment_status":"closed","ping_status":"closed","sticky":false,"template":"","format":"standard","meta":{"footnotes":""},"categories":[1],"tags":[2024],"class_list":["post-8986","post","type-post","status-publish","format-standard","","category-news-not-sorted","tag-deyrezzor-valiliginde-yetkili-bir-kaynak-irak-ve-sam-devleti-isid-olarak-bilinen-tekfirci-teroristlerin-ilin-dogu-kirsalina-dusen-el-suvla-bolgesinde-bir-yolcu-minibusunun-yolunu-kesip-katliam-isledik"],"_links":{"self":[{"href":"https:\/\/archive.sana.sy\/tr\/index.php?rest_route=\/wp\/v2\/posts\/8986","targetHints":{"allow":["GET"]}}],"collection":[{"href":"https:\/\/archive.sana.sy\/tr\/index.php?rest_route=\/wp\/v2\/posts"}],"about":[{"href":"https:\/\/archive.sana.sy\/tr\/index.php?rest_route=\/wp\/v2\/types\/post"}],"author":[{"embeddable":true,"href":"https:\/\/archive.sana.sy\/tr\/index.php?rest_route=\/wp\/v2\/users\/1"}],"replies":[{"embeddable":true,"href":"https:\/\/archive.sana.sy\/tr\/index.php?rest_route=%2Fwp%2Fv2%2Fcomments&post=8986"}],"version-history":[{"count":0,"href":"https:\/\/archive.sana.sy\/tr\/index.php?rest_route=\/wp\/v2\/posts\/8986\/revisions"}],"wp:attachment":[{"href":"https:\/\/archive.sana.sy\/tr\/index.php?rest_route=%2Fwp%2Fv2%2Fmedia&parent=8986"}],"wp:term":[{"taxonomy":"category","embeddable":true,"href":"https:\/\/archive.sana.sy\/tr\/index.php?rest_route=%2Fwp%2Fv2%2Fcategories&post=8986"},{"taxonomy":"post_tag","embeddable":true,"href":"https:\/\/archive.sana.sy\/tr\/index.php?rest_route=%2Fwp%2Fv2%2Ftags&post=8986"}],"curies":[{"name":"wp","href":"https:\/\/api.w.org\/{rel}","templated":true}]}}