{"id":8990,"date":"2014-09-03T15:47:11","date_gmt":"2014-09-03T12:47:11","guid":{"rendered":"http:\/\/www.sana.sy\/tr\/?p=8990"},"modified":"2014-09-03T16:20:33","modified_gmt":"2014-09-03T13:20:33","slug":"sivil-bolgelere-havan-saldirilari-suruyor","status":"publish","type":"post","link":"https:\/\/archive.sana.sy\/tr\/?p=8990","title":{"rendered":"Sivil B\u00f6lgelere Havan Sald\u0131r\u0131lar\u0131 S\u00fcr\u00fcyor"},"content":{"rendered":"<p>\u015eAM \u2013 Hain ve gaddar ter\u00f6ristlerin bug\u00fcn \u015eam\u2019da sivil yerle\u015fim alanlar\u0131na havan sald\u0131r\u0131lar\u0131n\u0131 s\u00fcrd\u00fcrmeleriyle Ravda Meydan\u0131 yak\u0131nlar\u0131nda sivil bir binan\u0131n \u00e7at\u0131s\u0131na havan mermisi d\u00fc\u015ft\u00fc.<\/p>\n<p>\u015eam Emniyet M\u00fcd\u00fcrl\u00fc\u011f\u00fcnde yetkili bir kaynak ter\u00f6ristlerin f\u0131rlatt\u0131klar\u0131 havan mermisinin bina \u00e7at\u0131s\u0131nda mevcut yak\u0131t deposuna isabet etmesiyle \u00e7at\u0131da yang\u0131n\u0131n meydana geldi\u011fini s\u00f6yledi. Hain sald\u0131r\u0131da be\u015feri kayb\u0131n olmad\u0131\u011f\u0131n\u0131 belirten kaynak; itfaiye ekiplerinin \u00e7at\u0131da \u00e7\u0131kan yang\u0131na m\u00fcdahale edip kontrole ald\u0131klar\u0131n\u0131 aktard\u0131.<\/p>\n<p>\u00d6te yandan hain ve tekfirci ter\u00f6r \u00e7etelerin \u015eam\u2019\u0131n sivil yerle\u015fim alanlar\u0131ndan Meydan Semtini havan mermileriyle hedef almalar\u0131 sonucunda aralar\u0131nda 13 ya\u015flar\u0131nda bir \u00e7ocu\u011fun bulundu\u011fu 4 vatanda\u015f yaraland\u0131.<\/p>\n","protected":false},"excerpt":{"rendered":"<p>\u015eAM \u2013 Hain ve gaddar ter\u00f6ristlerin bug\u00fcn \u015eam\u2019da sivil yerle\u015fim alanlar\u0131na havan sald\u0131r\u0131lar\u0131n\u0131 s\u00fcrd\u00fcrmeleriyle Ravda Meydan\u0131 yak\u0131nlar\u0131nda sivil bir binan\u0131n \u00e7at\u0131s\u0131na havan mermisi d\u00fc\u015ft\u00fc. \u015eam Emniyet M\u00fcd\u00fcrl\u00fc\u011f\u00fcnde yetkili bir kaynak ter\u00f6ristlerin f\u0131rlatt\u0131klar\u0131 havan mermisinin bina \u00e7at\u0131s\u0131nda mevcut yak\u0131t deposuna isabet etmesiyle \u00e7at\u0131da yang\u0131n\u0131n meydana geldi\u011fini s\u00f6yledi. Hain sald\u0131r\u0131da be\u015feri kayb\u0131n olmad\u0131\u011f\u0131n\u0131 belirten kaynak; itfaiye ekiplerinin &hellip;<\/p>\n","protected":false},"author":1,"featured_media":8991,"comment_status":"closed","ping_status":"closed","sticky":false,"template":"","format":"standard","meta":{"footnotes":""},"categories":[479,575,478],"tags":[2026],"class_list":["post-8990","post","type-post","status-publish","format-standard","has-post-thumbnail","","category-haberler-yerel","category-olaylar-ve-gercekler","category-yerel","tag-sivil-bolgelere-havan-saldirilari-suruyor"],"_links":{"self":[{"href":"https:\/\/archive.sana.sy\/tr\/index.php?rest_route=\/wp\/v2\/posts\/8990","targetHints":{"allow":["GET"]}}],"collection":[{"href":"https:\/\/archive.sana.sy\/tr\/index.php?rest_route=\/wp\/v2\/posts"}],"about":[{"href":"https:\/\/archive.sana.sy\/tr\/index.php?rest_route=\/wp\/v2\/types\/post"}],"author":[{"embeddable":true,"href":"https:\/\/archive.sana.sy\/tr\/index.php?rest_route=\/wp\/v2\/users\/1"}],"replies":[{"embeddable":true,"href":"https:\/\/archive.sana.sy\/tr\/index.php?rest_route=%2Fwp%2Fv2%2Fcomments&post=8990"}],"version-history":[{"count":0,"href":"https:\/\/archive.sana.sy\/tr\/index.php?rest_route=\/wp\/v2\/posts\/8990\/revisions"}],"wp:featuredmedia":[{"embeddable":true,"href":"https:\/\/archive.sana.sy\/tr\/index.php?rest_route=\/wp\/v2\/media\/8991"}],"wp:attachment":[{"href":"https:\/\/archive.sana.sy\/tr\/index.php?rest_route=%2Fwp%2Fv2%2Fmedia&parent=8990"}],"wp:term":[{"taxonomy":"category","embeddable":true,"href":"https:\/\/archive.sana.sy\/tr\/index.php?rest_route=%2Fwp%2Fv2%2Fcategories&post=8990"},{"taxonomy":"post_tag","embeddable":true,"href":"https:\/\/archive.sana.sy\/tr\/index.php?rest_route=%2Fwp%2Fv2%2Ftags&post=8990"}],"curies":[{"name":"wp","href":"https:\/\/api.w.org\/{rel}","templated":true}]}}