{"id":89925,"date":"2016-10-02T16:38:25","date_gmt":"2016-10-02T13:38:25","guid":{"rendered":"http:\/\/www.sana.sy\/tr\/?p=89925"},"modified":"2016-10-03T16:07:05","modified_gmt":"2016-10-03T13:07:05","slug":"halepin-dogu-semtlerindeki-silahlilara-cagri","status":"publish","type":"post","link":"https:\/\/archive.sana.sy\/tr\/?p=89925","title":{"rendered":"Halep\u2019in Do\u011fu Semtlerindeki Silahl\u0131lara \u00c7a\u011fr\u0131"},"content":{"rendered":"<p>HALEP \u2013 Ordu ve Silahl\u0131 Kuvvetler Genel Komutanl\u0131\u011f\u0131, Halep Kentinin do\u011fu semtlerinde bulunan t\u00fcm silahl\u0131lar\u0131 semtlerden ayr\u0131lmaya ve sivil vatanda\u015flar\u0131 normal ya\u015famlar\u0131n\u0131 g\u00fcven ve istikrar i\u00e7inde s\u00fcrd\u00fcrmelerine izin vermelerine \u00e7a\u011f\u0131rd\u0131.<\/p>\n<p>Genel komutanl\u0131k bug\u00fcn yay\u0131nlad\u0131\u011f\u0131 ve bir n\u00fcshas\u0131 SANA\u2019ya ula\u015ft\u0131r\u0131lan b\u00fclteninde; Suriye ve Rusya askeri komutanl\u0131klar\u0131n, Halep Kentinin do\u011fu semtlerinden \u00e7\u0131kacak t\u00fcm silahl\u0131lara g\u00fcvenli \u00e7\u0131k\u0131\u015f temin etme ve onlara gerekli yard\u0131m\u0131 garantileyeceklerini belirtti.<\/p>\n<p>Suriye h\u00fck\u00fcmeti 28 Temmuzda kentin do\u011fu semtlerinde ter\u00f6ristlerin ellerinde rehine olarak tutulan sivillere yard\u0131m ama\u00e7l\u0131 olarak Halep Kentinde geni\u015f \u00e7apl\u0131 insani \u00e7al\u0131\u015fmalar ba\u015flatm\u0131\u015ft\u0131. Bu ba\u011flamda temin etti\u011fi g\u00fcvenli \u00e7\u0131k\u0131\u015flarda ter\u00f6rden ka\u00e7an y\u00fczlerce ailenin yan\u0131 s\u0131ra y\u00fcksek say\u0131da silahl\u0131n\u0131n \u00e7\u0131kar\u0131l\u0131p t\u00fcm ihtiya\u00e7lar\u0131n\u0131n kar\u015f\u0131land\u0131\u011f\u0131 g\u00fcvenli b\u00f6lgelere aktar\u0131lm\u0131\u015ft\u0131.<\/p>\n","protected":false},"excerpt":{"rendered":"<p>HALEP \u2013 Ordu ve Silahl\u0131 Kuvvetler Genel Komutanl\u0131\u011f\u0131, Halep Kentinin do\u011fu semtlerinde bulunan t\u00fcm silahl\u0131lar\u0131 semtlerden ayr\u0131lmaya ve sivil vatanda\u015flar\u0131 normal ya\u015famlar\u0131n\u0131 g\u00fcven ve istikrar i\u00e7inde s\u00fcrd\u00fcrmelerine izin vermelerine \u00e7a\u011f\u0131rd\u0131. Genel komutanl\u0131k bug\u00fcn yay\u0131nlad\u0131\u011f\u0131 ve bir n\u00fcshas\u0131 SANA\u2019ya ula\u015ft\u0131r\u0131lan b\u00fclteninde; Suriye ve Rusya askeri komutanl\u0131klar\u0131n, Halep Kentinin do\u011fu semtlerinden \u00e7\u0131kacak t\u00fcm silahl\u0131lara g\u00fcvenli \u00e7\u0131k\u0131\u015f temin &hellip;<\/p>\n","protected":false},"author":1,"featured_media":68053,"comment_status":"closed","ping_status":"closed","sticky":false,"template":"","format":"standard","meta":{"footnotes":""},"categories":[479,575,17988,478],"tags":[24359],"class_list":["post-89925","post","type-post","status-publish","format-standard","has-post-thumbnail","","category-haberler-yerel","category-olaylar-ve-gercekler","category-son-haberler","category-yerel","tag-halepin-dogu-semtlerindeki-silahlilara-cagri"],"_links":{"self":[{"href":"https:\/\/archive.sana.sy\/tr\/index.php?rest_route=\/wp\/v2\/posts\/89925","targetHints":{"allow":["GET"]}}],"collection":[{"href":"https:\/\/archive.sana.sy\/tr\/index.php?rest_route=\/wp\/v2\/posts"}],"about":[{"href":"https:\/\/archive.sana.sy\/tr\/index.php?rest_route=\/wp\/v2\/types\/post"}],"author":[{"embeddable":true,"href":"https:\/\/archive.sana.sy\/tr\/index.php?rest_route=\/wp\/v2\/users\/1"}],"replies":[{"embeddable":true,"href":"https:\/\/archive.sana.sy\/tr\/index.php?rest_route=%2Fwp%2Fv2%2Fcomments&post=89925"}],"version-history":[{"count":0,"href":"https:\/\/archive.sana.sy\/tr\/index.php?rest_route=\/wp\/v2\/posts\/89925\/revisions"}],"wp:featuredmedia":[{"embeddable":true,"href":"https:\/\/archive.sana.sy\/tr\/index.php?rest_route=\/wp\/v2\/media\/68053"}],"wp:attachment":[{"href":"https:\/\/archive.sana.sy\/tr\/index.php?rest_route=%2Fwp%2Fv2%2Fmedia&parent=89925"}],"wp:term":[{"taxonomy":"category","embeddable":true,"href":"https:\/\/archive.sana.sy\/tr\/index.php?rest_route=%2Fwp%2Fv2%2Fcategories&post=89925"},{"taxonomy":"post_tag","embeddable":true,"href":"https:\/\/archive.sana.sy\/tr\/index.php?rest_route=%2Fwp%2Fv2%2Ftags&post=89925"}],"curies":[{"name":"wp","href":"https:\/\/api.w.org\/{rel}","templated":true}]}}