{"id":8993,"date":"2014-09-03T16:01:00","date_gmt":"2014-09-03T13:01:00","guid":{"rendered":"http:\/\/www.sana.sy\/tr\/?p=8993"},"modified":"2014-09-03T16:01:00","modified_gmt":"2014-09-03T13:01:00","slug":"polis-guclerinin-calisma-mekanizmalari-gelistirilmelidir","status":"publish","type":"post","link":"https:\/\/archive.sana.sy\/tr\/?p=8993","title":{"rendered":"Polis G\u00fc\u00e7lerinin \u00c7al\u0131\u015fma Mekanizmalar\u0131 Geli\u015ftirilmelidir"},"content":{"rendered":"<p>\u015eAM \u2013 \u0130\u00e7i\u015fleri Bakan\u0131 Muhammed el \u015eear ge\u00e7en s\u00fcre\u00e7 i\u00e7inde polis \u00e7al\u0131\u015fmalar\u0131n\u0131 engelleyen meselelere \u00e7\u00f6z\u00fcm bulmakla birlikte muhtelif \u015fekilleriyle su\u00e7larla m\u00fccadelede polis \u00e7al\u0131\u015fmalar\u0131n\u0131n mekanizmalar\u0131n\u0131 geli\u015ftirme \u00f6nemine vurgu yapt\u0131.<\/p>\n<p>Emniyet M\u00fcd\u00fcrleriyle oturumunda \u015eear Suriye&#8217;nin t\u00fcm illerinde i\u00e7 g\u00fcvenlik ve polis g\u00fc\u00e7lerinin kendi alanlar\u0131nda e\u011fitilip deneyim kazand\u0131r\u0131lmalar\u0131 \u00f6nemine i\u015faret ederken, pasaport i\u015flemleri ve trafik alanlar\u0131nda \u00e7al\u0131\u015fma mekanizmalar\u0131n\u0131 geli\u015ftirme gere\u011fini belirtti.<\/p>\n<p>\u0130\u00e7i\u015fleri Bakan\u0131 \u015eear Cumhurba\u015fkan\u0131 Be\u015f\u015far el Esad\u2019\u0131n yemin t\u00f6reninde a\u00e7\u0131klad\u0131\u011f\u0131 program\u0131n hayata ge\u00e7irilmesi i\u00e7in \u00e7al\u0131\u015fma mekanizmas\u0131 belirleme gere\u011fine vurgu yapt\u0131.<\/p>\n<p>Suriye&#8217;nin halk\u0131n\u0131n iradesi ve ulusal bilinci ile g\u00fc\u00e7l\u00fc oldu\u011funu belirten \u015eear; bu irade ve bilincin yan\u0131 s\u0131ra Suriye y\u00f6netiminin bilin\u00e7li politikas\u0131 ve ordusunun kahramanl\u0131\u011f\u0131 sayesinde Suriye&#8217;nin krizden kurtulup yaralar\u0131n\u0131 saraca\u011f\u0131n\u0131 ve daha g\u00fc\u00e7l\u00fc bir hale gelece\u011fini ifade etti.<\/p>\n","protected":false},"excerpt":{"rendered":"<p>\u015eAM \u2013 \u0130\u00e7i\u015fleri Bakan\u0131 Muhammed el \u015eear ge\u00e7en s\u00fcre\u00e7 i\u00e7inde polis \u00e7al\u0131\u015fmalar\u0131n\u0131 engelleyen meselelere \u00e7\u00f6z\u00fcm bulmakla birlikte muhtelif \u015fekilleriyle su\u00e7larla m\u00fccadelede polis \u00e7al\u0131\u015fmalar\u0131n\u0131n mekanizmalar\u0131n\u0131 geli\u015ftirme \u00f6nemine vurgu yapt\u0131. Emniyet M\u00fcd\u00fcrleriyle oturumunda \u015eear Suriye&#8217;nin t\u00fcm illerinde i\u00e7 g\u00fcvenlik ve polis g\u00fc\u00e7lerinin kendi alanlar\u0131nda e\u011fitilip deneyim kazand\u0131r\u0131lmalar\u0131 \u00f6nemine i\u015faret ederken, pasaport i\u015flemleri ve trafik alanlar\u0131nda \u00e7al\u0131\u015fma mekanizmalar\u0131n\u0131 &hellip;<\/p>\n","protected":false},"author":1,"featured_media":8994,"comment_status":"closed","ping_status":"closed","sticky":false,"template":"","format":"standard","meta":{"footnotes":""},"categories":[479,478],"tags":[2027],"class_list":["post-8993","post","type-post","status-publish","format-standard","has-post-thumbnail","","category-haberler-yerel","category-yerel","tag-polis-guclerinin-calisma-mekanizmalari-gelistirilmelidir"],"_links":{"self":[{"href":"https:\/\/archive.sana.sy\/tr\/index.php?rest_route=\/wp\/v2\/posts\/8993","targetHints":{"allow":["GET"]}}],"collection":[{"href":"https:\/\/archive.sana.sy\/tr\/index.php?rest_route=\/wp\/v2\/posts"}],"about":[{"href":"https:\/\/archive.sana.sy\/tr\/index.php?rest_route=\/wp\/v2\/types\/post"}],"author":[{"embeddable":true,"href":"https:\/\/archive.sana.sy\/tr\/index.php?rest_route=\/wp\/v2\/users\/1"}],"replies":[{"embeddable":true,"href":"https:\/\/archive.sana.sy\/tr\/index.php?rest_route=%2Fwp%2Fv2%2Fcomments&post=8993"}],"version-history":[{"count":0,"href":"https:\/\/archive.sana.sy\/tr\/index.php?rest_route=\/wp\/v2\/posts\/8993\/revisions"}],"wp:featuredmedia":[{"embeddable":true,"href":"https:\/\/archive.sana.sy\/tr\/index.php?rest_route=\/wp\/v2\/media\/8994"}],"wp:attachment":[{"href":"https:\/\/archive.sana.sy\/tr\/index.php?rest_route=%2Fwp%2Fv2%2Fmedia&parent=8993"}],"wp:term":[{"taxonomy":"category","embeddable":true,"href":"https:\/\/archive.sana.sy\/tr\/index.php?rest_route=%2Fwp%2Fv2%2Fcategories&post=8993"},{"taxonomy":"post_tag","embeddable":true,"href":"https:\/\/archive.sana.sy\/tr\/index.php?rest_route=%2Fwp%2Fv2%2Ftags&post=8993"}],"curies":[{"name":"wp","href":"https:\/\/api.w.org\/{rel}","templated":true}]}}