{"id":8998,"date":"2014-09-03T16:16:22","date_gmt":"2014-09-03T13:16:22","guid":{"rendered":"http:\/\/www.sana.sy\/tr\/?p=8998"},"modified":"2014-09-03T16:16:22","modified_gmt":"2014-09-03T13:16:22","slug":"suriyede-teror-saflarinda-en-az-100-danimarkali-bulunuyor","status":"publish","type":"post","link":"https:\/\/archive.sana.sy\/tr\/?p=8998","title":{"rendered":"Suriye&#8217;de Ter\u00f6r Saflar\u0131nda En Az 100 Danimarkal\u0131 Bulunuyor"},"content":{"rendered":"<p>BONN \u2013 Danimarka\u2019da yay\u0131nlanan Copenhagen Post Gazetesi bug\u00fcnk\u00fc say\u0131s\u0131nda Danimaka \u0130stihbarat Kurumu BIT\u2019nin en az 100 Danimarkal\u0131n\u0131n Suriye\u2019ye silahl\u0131 ter\u00f6r gruplar\u0131 saflar\u0131nda sava\u015fmak amac\u0131yla seyahat etti\u011fini a\u00e7\u0131klad\u0131\u011f\u0131n\u0131 aktard\u0131.<\/p>\n<p>Suriye\u2019ye silahl\u0131 ter\u00f6r gruplar\u0131 saflar\u0131nda sava\u015fan vatanda\u015f say\u0131s\u0131 y\u00f6n\u00fcnden Danimarka\u2019n\u0131n Bel\u00e7ika\u2019dan sonra ikinci s\u0131rada yer ald\u0131\u011f\u0131na i\u015faret eden Gazete; bu durumun bir kayg\u0131 kayna\u011f\u0131 oldu\u011funu belirtti.<\/p>\n<p>\u00d6te yandan Uluslararas\u0131 Radikalizm Ara\u015ft\u0131rmalar\u0131 Merkezinde Ara\u015ft\u0131rmac\u0131 Peter Newman; Suriye&#8217;de silahl\u0131 ter\u00f6r gruplar\u0131 saflar\u0131na kat\u0131lan kad\u0131nlar\u0131n %30\u2019unun \u0130svi\u00e7re\u2019den gelmi\u015f oldu\u011funu a\u00e7\u0131klam\u0131\u015ft\u0131.<\/p>\n<p>Bat\u0131l\u0131 kaynaklar\u0131n istatistik bilgilerine g\u00f6re Suriye ve Irak\u2019ta bulunan silahl\u0131 ter\u00f6r gruplar\u0131na kat\u0131lan 1500 \u0130ngiliz ve 14 bin \u00c7e\u00e7en bulundu\u011funa i\u015faret ediyor.<\/p>\n","protected":false},"excerpt":{"rendered":"<p>BONN \u2013 Danimarka\u2019da yay\u0131nlanan Copenhagen Post Gazetesi bug\u00fcnk\u00fc say\u0131s\u0131nda Danimaka \u0130stihbarat Kurumu BIT\u2019nin en az 100 Danimarkal\u0131n\u0131n Suriye\u2019ye silahl\u0131 ter\u00f6r gruplar\u0131 saflar\u0131nda sava\u015fmak amac\u0131yla seyahat etti\u011fini a\u00e7\u0131klad\u0131\u011f\u0131n\u0131 aktard\u0131. Suriye\u2019ye silahl\u0131 ter\u00f6r gruplar\u0131 saflar\u0131nda sava\u015fan vatanda\u015f say\u0131s\u0131 y\u00f6n\u00fcnden Danimarka\u2019n\u0131n Bel\u00e7ika\u2019dan sonra ikinci s\u0131rada yer ald\u0131\u011f\u0131na i\u015faret eden Gazete; bu durumun bir kayg\u0131 kayna\u011f\u0131 oldu\u011funu belirtti. \u00d6te &hellip;<\/p>\n","protected":false},"author":1,"featured_media":8999,"comment_status":"closed","ping_status":"closed","sticky":false,"template":"","format":"standard","meta":{"footnotes":""},"categories":[458,459,575,447],"tags":[2028],"class_list":["post-8998","post","type-post","status-publish","format-standard","has-post-thumbnail","","category-dunya1","category-haberler-arap-uluslararasi-politika","category-olaylar-ve-gercekler","category-politika","tag-suriyede-teror-saflarinda-en-az-100-danimarkali-bulunuyor"],"_links":{"self":[{"href":"https:\/\/archive.sana.sy\/tr\/index.php?rest_route=\/wp\/v2\/posts\/8998","targetHints":{"allow":["GET"]}}],"collection":[{"href":"https:\/\/archive.sana.sy\/tr\/index.php?rest_route=\/wp\/v2\/posts"}],"about":[{"href":"https:\/\/archive.sana.sy\/tr\/index.php?rest_route=\/wp\/v2\/types\/post"}],"author":[{"embeddable":true,"href":"https:\/\/archive.sana.sy\/tr\/index.php?rest_route=\/wp\/v2\/users\/1"}],"replies":[{"embeddable":true,"href":"https:\/\/archive.sana.sy\/tr\/index.php?rest_route=%2Fwp%2Fv2%2Fcomments&post=8998"}],"version-history":[{"count":0,"href":"https:\/\/archive.sana.sy\/tr\/index.php?rest_route=\/wp\/v2\/posts\/8998\/revisions"}],"wp:featuredmedia":[{"embeddable":true,"href":"https:\/\/archive.sana.sy\/tr\/index.php?rest_route=\/wp\/v2\/media\/8999"}],"wp:attachment":[{"href":"https:\/\/archive.sana.sy\/tr\/index.php?rest_route=%2Fwp%2Fv2%2Fmedia&parent=8998"}],"wp:term":[{"taxonomy":"category","embeddable":true,"href":"https:\/\/archive.sana.sy\/tr\/index.php?rest_route=%2Fwp%2Fv2%2Fcategories&post=8998"},{"taxonomy":"post_tag","embeddable":true,"href":"https:\/\/archive.sana.sy\/tr\/index.php?rest_route=%2Fwp%2Fv2%2Ftags&post=8998"}],"curies":[{"name":"wp","href":"https:\/\/api.w.org\/{rel}","templated":true}]}}