{"id":9002,"date":"2014-09-03T16:51:56","date_gmt":"2014-09-03T13:51:56","guid":{"rendered":"http:\/\/www.sana.sy\/tr\/?p=9002"},"modified":"2014-09-03T16:51:56","modified_gmt":"2014-09-03T13:51:56","slug":"herman-batili-devletlerin-suriye-ile-ilgili-planlari-basarisiz-oldu","status":"publish","type":"post","link":"https:\/\/archive.sana.sy\/tr\/?p=9002","title":{"rendered":"Herman: Bat\u0131l\u0131 Devletlerin Suriye \u0130le \u0130lgili Planlar\u0131 Ba\u015far\u0131s\u0131z Oldu"},"content":{"rendered":"<p>BONN \u2013 Alman Gazeteci Rainer Herman; Bat\u0131l\u0131 devletlerin Suriye ile ilgili yapt\u0131klar\u0131 b\u00fct\u00fcn planlar\u0131n ba\u015far\u0131s\u0131zl\u0131kla sonu\u00e7land\u0131\u011f\u0131n\u0131 ifade etti.<\/p>\n<p>Almanya Suriye Dostluk Cemiyetinin \u201cSuriye \u00c7at\u0131\u015fmas\u0131 ve B\u00f6lgeye Etkileri\u201d ba\u015fl\u0131\u011f\u0131 alt\u0131nda d\u00fczenledi\u011fi seminerde konu\u015fan Herman; Suriye halk\u0131n\u0131n b\u00fcy\u00fck bir \u00e7o\u011funlu\u011funun oylar\u0131yla Cumhurba\u015fkan\u0131 Be\u015f\u015far el Esad\u2019\u0131n Cumhurba\u015fkanl\u0131\u011f\u0131n\u0131 s\u00fcrd\u00fcrmesi ve Suriye Arap Ordusunun nitelikli m\u00fccadelesiyle Suriye\u2019yi hedef alan planlar\u0131n \u00e7\u00f6kertilmi\u015f oldu\u011funu ifade etti.<\/p>\n<p>Bat\u0131l\u0131 devletlerin Suriye devletini y\u0131kmay\u0131 d\u00fc\u015f\u00fcnerek b\u00fcy\u00fck bir hata yapt\u0131\u011f\u0131n\u0131 dile getiren Herman; bu d\u00fc\u015f\u00fcncelerle yapt\u0131klar\u0131 planlar\u0131n hi\u00e7bir ba\u015far\u0131 sa\u011flamad\u0131\u011f\u0131n\u0131 bu nedenle de \u015fu anda politikalar\u0131n\u0131 de\u011fi\u015ftirmenin e\u015fi\u011fine gelmi\u015f olduklar\u0131n\u0131 beyan etti.<\/p>\n<p>Seminere aralar\u0131nda \u00fcniversiteli Suriyeliler ve Almanlar\u0131n yan\u0131 s\u0131ra Almanya Ekonomi ve \u0130\u015fbirli\u011fi Bakanl\u0131\u011f\u0131 temsilcisi de bulunan 180 ki\u015fi kat\u0131ld\u0131.<\/p>\n","protected":false},"excerpt":{"rendered":"<p>BONN \u2013 Alman Gazeteci Rainer Herman; Bat\u0131l\u0131 devletlerin Suriye ile ilgili yapt\u0131klar\u0131 b\u00fct\u00fcn planlar\u0131n ba\u015far\u0131s\u0131zl\u0131kla sonu\u00e7land\u0131\u011f\u0131n\u0131 ifade etti. Almanya Suriye Dostluk Cemiyetinin \u201cSuriye \u00c7at\u0131\u015fmas\u0131 ve B\u00f6lgeye Etkileri\u201d ba\u015fl\u0131\u011f\u0131 alt\u0131nda d\u00fczenledi\u011fi seminerde konu\u015fan Herman; Suriye halk\u0131n\u0131n b\u00fcy\u00fck bir \u00e7o\u011funlu\u011funun oylar\u0131yla Cumhurba\u015fkan\u0131 Be\u015f\u015far el Esad\u2019\u0131n Cumhurba\u015fkanl\u0131\u011f\u0131n\u0131 s\u00fcrd\u00fcrmesi ve Suriye Arap Ordusunun nitelikli m\u00fccadelesiyle Suriye\u2019yi hedef alan planlar\u0131n &hellip;<\/p>\n","protected":false},"author":1,"featured_media":9003,"comment_status":"closed","ping_status":"closed","sticky":false,"template":"","format":"standard","meta":{"footnotes":""},"categories":[458,459,447],"tags":[2029],"class_list":["post-9002","post","type-post","status-publish","format-standard","has-post-thumbnail","","category-dunya1","category-haberler-arap-uluslararasi-politika","category-politika","tag-herman-batili-devletlerin-suriye-ile-ilgili-planlari-basarisiz-oldu"],"_links":{"self":[{"href":"https:\/\/archive.sana.sy\/tr\/index.php?rest_route=\/wp\/v2\/posts\/9002","targetHints":{"allow":["GET"]}}],"collection":[{"href":"https:\/\/archive.sana.sy\/tr\/index.php?rest_route=\/wp\/v2\/posts"}],"about":[{"href":"https:\/\/archive.sana.sy\/tr\/index.php?rest_route=\/wp\/v2\/types\/post"}],"author":[{"embeddable":true,"href":"https:\/\/archive.sana.sy\/tr\/index.php?rest_route=\/wp\/v2\/users\/1"}],"replies":[{"embeddable":true,"href":"https:\/\/archive.sana.sy\/tr\/index.php?rest_route=%2Fwp%2Fv2%2Fcomments&post=9002"}],"version-history":[{"count":0,"href":"https:\/\/archive.sana.sy\/tr\/index.php?rest_route=\/wp\/v2\/posts\/9002\/revisions"}],"wp:featuredmedia":[{"embeddable":true,"href":"https:\/\/archive.sana.sy\/tr\/index.php?rest_route=\/wp\/v2\/media\/9003"}],"wp:attachment":[{"href":"https:\/\/archive.sana.sy\/tr\/index.php?rest_route=%2Fwp%2Fv2%2Fmedia&parent=9002"}],"wp:term":[{"taxonomy":"category","embeddable":true,"href":"https:\/\/archive.sana.sy\/tr\/index.php?rest_route=%2Fwp%2Fv2%2Fcategories&post=9002"},{"taxonomy":"post_tag","embeddable":true,"href":"https:\/\/archive.sana.sy\/tr\/index.php?rest_route=%2Fwp%2Fv2%2Ftags&post=9002"}],"curies":[{"name":"wp","href":"https:\/\/api.w.org\/{rel}","templated":true}]}}